{"id":83474,"date":"2007-10-01T00:00:00","date_gmt":"2007-10-01T00:00:00","guid":{"rendered":"http:\/\/revistapesquisa.fapesp.br\/2007\/10\/01\/un-canciller-en-la-presidencia-de-la-fundacion\/"},"modified":"2013-03-19T18:06:05","modified_gmt":"2013-03-19T21:06:05","slug":"un-canciller-en-la-presidencia-de-la-fundacion","status":"publish","type":"post","link":"https:\/\/revistapesquisa.fapesp.br\/es\/un-canciller-en-la-presidencia-de-la-fundacion\/","title":{"rendered":"Un canciller en la presidencia de la Fundaci\u00f3n"},"content":{"rendered":"<p>Celso Lafer, ex Ministro de Relaciones Exteriores en dos ocasiones y ex Ministro de Desarrollo, es el nuevo presidente de la FAPESP, en sustituci\u00f3n del poeta y ling\u00fcista Carlos Vogt, que dej\u00f3 la Fundaci\u00f3n y asumi\u00f3 la Secretar\u00eda Estadual de Educaci\u00f3n Superior. Lafer tom\u00f3\u00a0 posesi\u00f3n el d\u00eda 26 de septiembre, en una ceremonia llevada a cabo en la sede de la Fundaci\u00f3n y que cont\u00f3 con la presencia del gobernador Jos\u00e9 Serra y de varios secretarios de estado.<\/p>\n<p>Lafer, que integra el Consejo Superior de la Fundaci\u00f3n desde 2003, cree que la soluci\u00f3n a los desaf\u00edos y problemas actuales requiere la comunicaci\u00f3n entre la cultura literaria y human\u00edstica y la cultura cient\u00edfica. &#8220;Si bien es cierto que en el mundo contempor\u00e1neo no se puede crear, en una visi\u00f3n integrada, una cultura com\u00fan, no es menos cierto que es un imperativo de nuestro tiempo la capacidad de traducir con competencia y as\u00ed hacer posible una comunicaci\u00f3n entre ambas culturas&#8221;, dijo en su discurso de toma de posesi\u00f3n. As\u00ed, Lafer concibe la FAPESP como el locus por excelencia del encuentro entre estas dos culturas. &#8220;Con efecto, su objeto de trabajo es el avance, con rigor, del conocimiento en todas las \u00e1reas: ciencia, tecnolog\u00eda, artes, literatura, filosof\u00eda, ciencias humanas&#8221;.<\/p>\n<p>Cit\u00f3 a Pasteur para afirmar que no ve l\u00edmites entre la ciencia b\u00e1sica y la ciencia aplicada -&#8220;no hay ciencia aplicada, y si aplicaciones de la ciencia&#8221;. As\u00ed, cabe a la FAPESP crear las oportunidades para apoyar la investigaci\u00f3n cient\u00edfica. &#8220;Tambi\u00e9n entiendo que las buenas alianzas de la FAPESP con las empresas en el \u00e1rea de innovaci\u00f3n y de investigaci\u00f3n aportan beneficios para la sociedad y son un factor relevante para el desarrollo del pa\u00eds&#8221;, subray\u00f3. \u00a0&#8220;Buscar\u00e9 la convergencia en pro de la investigaci\u00f3n y el desarrollo.&#8221;<\/p>\n<p>El gobernador Jos\u00e9 Serra -en su primera visita a la Fundaci\u00f3n- record\u00f3 que en cuatro momentos de su vida tuvo contacto con la FAPESP. El primero fue en 1960. \u00c9l era\u00a0 presidente de la Uni\u00f3n Estadual de Estudiantes (UEE) y apoy\u00f3 la iniciativa del gobernador Carvalho Pinto de crear una agencia de fomento. A\u00f1os despu\u00e9s, en el exilio, obtuvo una beca de doctorado en la Universidad de Cornell de la cual acab\u00f3 desistiendo cuando cambi\u00f3 el tema de la investigaci\u00f3n. El tercer contacto con la FAPESP fue en 1983. Serra era secretario de Econom\u00eda y Planificaci\u00f3n de la gobernaci\u00f3n del estado y fue responsable del cambio de criterios de la distribuci\u00f3n de los recursos destinados a la Fundaci\u00f3n propuesta en la enmienda Leza, de autor\u00eda del entonces diputado Fernando Leza, que estableci\u00f3 que el flujo de recursos destinados a la FAPESP fuese calculado con base en el a\u00f1o anterior y girado en duod\u00e9cimos mensuales. &#8220;El dinero estaba supeditado al presupuesto aprobado, y no al ejecutado, y era corro\u00eddo por una inflaci\u00f3n anual de hasta tres cifras&#8221;, record\u00f3 el gobernador. El cuarto encuentro se dio en 1986, en la Asamblea Nacional Constituyente, cuando Serra defendi\u00f3 la vinculaci\u00f3n de recursos presupuestarios para la investigaci\u00f3n cient\u00edfica.<\/p>\n<p>En la evaluaci\u00f3n del gobernador, la FAPESP contraria una ley de funcionamiento que lamentablemente rige el desempe\u00f1o del sector p\u00fablico brasile\u00f1o: &#8220;Cuando se crea una instituci\u00f3n nueva, ella funciona bien en los primeros cinco a diez a\u00f1os y despu\u00e9s decae. La FAPESP, con 45 a\u00f1os, no ha hecho sino mejorar&#8221;. Reiter\u00f3 la visi\u00f3n de Lafer sobre la ciencia. &#8220;Un importante desaf\u00edo que la Fundaci\u00f3n debe enfrentar con base a su autonom\u00eda y experiencia es de, simult\u00e1neamente, enfatizar la investigaci\u00f3n b\u00e1sica, que construye el futuro explotando y desarrollando posibilidades, y la investigaci\u00f3n aplicada, que debe tener, cada vez m\u00e1s, impacto social y econ\u00f3mico.&#8221;<\/p>\n<p><strong>Un estudioso de Hanna Arendt &#8211;<\/strong> Profesor titular del Departamento de Filosof\u00eda y Teor\u00eda General de Derecho de la Facultad de Derecho de la Universidad de S\u00e3o Paulo (USP), Lafer encabez\u00f3 la lista terna electa por los miembros del Consejo Superior de la Fundaci\u00f3n y elevada al gobernador Jos\u00e9 Serra, quien lo nombr\u00f3 en d\u00eda 31 de agosto. &#8220;Agradezco la confianza del consejo y la del gobernador. Traigo al ejercicio de la funci\u00f3n aquello que es el conjunto de mis experiencias y pretendo dar continuidad a un trabajo de gran calidad que ha hecho de la FAPESP una instituci\u00f3n ejemplar&#8221;, dijo el nuevo presidente.<\/p>\n<p>La relaci\u00f3n de Lafer con la FAPESP tuvo inicio en los a\u00f1os 1970, despu\u00e9s de concluir el doctorado, cuando fue invitado por la Fundaci\u00f3n a emitir dict\u00e1menes sobre proyectos de investigaci\u00f3n financiados por la instituci\u00f3n. &#8220;En la \u00e9poca tambi\u00e9n colabor\u00e9 con los profesores Oscar Sala y Paulo Vanzolini en discusiones sobre \u00e1reas prioritarias de investigaciones. Se trata de una relaci\u00f3n que se volvi\u00f3 a\u00fan m\u00e1s pr\u00f3xima desde 2003, cuando pas\u00e9 a integrar el Consejo Superior&#8221;, dijo. &#8220;En un mundo como el de hoy, que opera a trav\u00e9s de redes, una de las importantes dimensiones de la actividad de la FAPESP ha sido la construcci\u00f3n de redes. Tambi\u00e9n es necesario destacar el papel de la Fundaci\u00f3n en el desarrollo cient\u00edfico y tecnol\u00f3gico del estado y del pa\u00eds, pues el control de una sociedad sobre su propio destino pasa por la capacitaci\u00f3n cient\u00edfica y tecnol\u00f3gica&#8221;, dijo.<\/p>\n<p>Nacido en S\u00e3o Paulo hace 66 a\u00f1os, Lafer se gradu\u00f3 en la Facultad de Derecho de la USP, donde da clases desde 1971. Obtuvo su Ph.D. en ciencias pol\u00edticas en la Universidad de Cornell, en Estados Unidos, en 1970, la libre docencia en derecho internacional p\u00fablico en la USP, en 1977, y la titularidad en filosof\u00eda del derecho, en 1988. Fue jefe del Departamento de Filosof\u00eda y Teor\u00eda General del Derecho de la Facultad de Derecho de la USP, presidente del Consejo de Administraci\u00f3n de Metal Leve, presidente del \u00d3rgano de Soluci\u00f3n de Controversias de la Organizaci\u00f3n Mundial del Comercio (OMC) y presidente del Consejo General de la OMC. Ministro de Desarrollo, Industria y Comercio (1999) y ministro de Relaciones Exteriores en 1992 y de 2001 a 2002. Lafer tambi\u00e9n desempe\u00f1\u00f3 las funciones de embajador de Brasil ante la OMC y ante la Organizaci\u00f3n de las Naciones Unidas. Actualmente coordina el \u00c1rea de Concentraci\u00f3n de Derechos Humanos de la Facultad de Derecho de la USP, preside el Consejo Deliberativo del Museo Lasar Segall y es coeditor de la revista Pol\u00edtica Externa. Integra el Consejo de Administraci\u00f3n de Klabin. Es miembro de la Academia Brasile\u00f1a de Letras, de la Academia Brasile\u00f1a de Ciencias y de la Corte Permanente de Arbitraje Internacional de la Haya.<\/p>\n<p>Estudioso del legado de la te\u00f3rica pol\u00edtica Hannah Arendt (1906-1975), Lafer escribi\u00f3 varios libros sobre su obra, como La reconstrucci\u00f3n de los derechos humanos, un di\u00e1logo con el pensamiento de Hannah Arendt (1988) y Hannah Arendt &#8211; Pensamiento, persuasi\u00f3n y poder (2\u00aa edic. revisada y ampliada, 2003). Tambi\u00e9n es autor, entre otros libros, de Desaf\u00edos: \u00e9tica y pol\u00edtica (1995), La OMC y la reglamentaci\u00f3n del comercio internacional: una visi\u00f3n brasile\u00f1a (1998), Comercio, desarme, derechos humanos &#8211; Reflexiones sobre una experiencia diplom\u00e1tica (1999), Cambian los tiempos &#8211; Diplomacia brasile\u00f1a 2001-2002, vol. 1 y vol. 2 (2002), JK y el programa de metas (1956-1961) &#8211; Proceso de planeamiento y sistema pol\u00edtico en Brasil (2002), La identidad internacional del Brasil y la pol\u00edtica externa brasile\u00f1a (2\u00aa edic. revisada y ampliada, 2004) y La presencia de Bobbio &#8211; Am\u00e9rica espa\u00f1ola, Brasil, pen\u00ednsula Ib\u00e9rica (2004).<\/p>\n","protected":false},"excerpt":{"rendered":"El ex ministro Celso Lafer tom\u00f3 posesi\u00f3n el d\u00eda 26 de septiembre","protected":false},"author":6,"featured_media":0,"comment_status":"closed","ping_status":"closed","sticky":false,"template":"","format":"standard","meta":{"_acf_changed":false,"_exactmetrics_skip_tracking":false,"_exactmetrics_sitenote_active":false,"_exactmetrics_sitenote_note":"","_exactmetrics_sitenote_category":0,"footnotes":""},"categories":[189],"tags":[],"coauthors":[93],"class_list":["post-83474","post","type-post","status-publish","format-standard","hentry","category-politica-ct"],"acf":[],"_links":{"self":[{"href":"https:\/\/revistapesquisa.fapesp.br\/es\/wp-json\/wp\/v2\/posts\/83474","targetHints":{"allow":["GET"]}}],"collection":[{"href":"https:\/\/revistapesquisa.fapesp.br\/es\/wp-json\/wp\/v2\/posts"}],"about":[{"href":"https:\/\/revistapesquisa.fapesp.br\/es\/wp-json\/wp\/v2\/types\/post"}],"author":[{"embeddable":true,"href":"https:\/\/revistapesquisa.fapesp.br\/es\/wp-json\/wp\/v2\/users\/6"}],"replies":[{"embeddable":true,"href":"https:\/\/revistapesquisa.fapesp.br\/es\/wp-json\/wp\/v2\/comments?post=83474"}],"version-history":[{"count":0,"href":"https:\/\/revistapesquisa.fapesp.br\/es\/wp-json\/wp\/v2\/posts\/83474\/revisions"}],"wp:attachment":[{"href":"https:\/\/revistapesquisa.fapesp.br\/es\/wp-json\/wp\/v2\/media?parent=83474"}],"wp:term":[{"taxonomy":"category","embeddable":true,"href":"https:\/\/revistapesquisa.fapesp.br\/es\/wp-json\/wp\/v2\/categories?post=83474"},{"taxonomy":"post_tag","embeddable":true,"href":"https:\/\/revistapesquisa.fapesp.br\/es\/wp-json\/wp\/v2\/tags?post=83474"},{"taxonomy":"author","embeddable":true,"href":"https:\/\/revistapesquisa.fapesp.br\/es\/wp-json\/wp\/v2\/coauthors?post=83474"}],"curies":[{"name":"wp","href":"https:\/\/api.w.org\/{rel}","templated":true}]}}