{"id":83602,"date":"2008-01-01T00:00:00","date_gmt":"2008-01-01T00:00:00","guid":{"rendered":"http:\/\/revistapesquisa.fapesp.br\/2008\/01\/01\/un-plan-para-el-desarrollo\/"},"modified":"2016-03-01T17:06:42","modified_gmt":"2016-03-01T20:06:42","slug":"un-plan-para-el-desarrollo","status":"publish","type":"post","link":"https:\/\/revistapesquisa.fapesp.br\/es\/un-plan-para-el-desarrollo\/","title":{"rendered":"Un plan para el desarrollo"},"content":{"rendered":"<p>El proyecto de implantaci\u00f3n del Sistema de Parques Tecnol\u00f3gicos del Estado de S\u00e3o Paulo ya est\u00e1 concluido. Patrocinado por la Secretar\u00eda del Desarrollo e implementado en el \u00e1mbito de un programa especial de la FAPESP, el proyecto prev\u00e9 la instalaci\u00f3n de parques tecnol\u00f3gicos en siete ciudades: S\u00e3o Paulo, Campinas, S\u00e3o Jos\u00e9 dos Campos, Piracicaba, S\u00e3o Carlos, Ribeir\u00e3o Preto y S\u00e3o Jos\u00e9 do Rio Preto. Los parques tecnol\u00f3gicos contribuir\u00e1n con la transformaci\u00f3n del conocimiento en riqueza. El estado de S\u00e3o Paulo, por su diversidad de producci\u00f3n cient\u00edfica y tecnol\u00f3gica y por su vigor empresarial, est\u00e1 listo para recibir un sistema como \u00e9ste, justific\u00f3 el director del Instituto de Estudios Avanzados, Jo\u00e3o Steiner, quien a lo largo de dos a\u00f1os y medio coordin\u00f3 el proyecto.<\/p>\n<p>El sistema paulista fue concebido de forma para articular los sectores p\u00fablico y privado y las instituciones de investigaci\u00f3n. Cada un de esos actores tendr\u00e1 papel bien definido, explic\u00f3 Steiner durante un seminario de presentaci\u00f3n de las conclusiones del proyecto, el 10 de diciembre, en el auditorio de la FAPESP, del cual particip\u00f3 el secretario de Desarrollo y vicegobernador, Alberto Goldman. El poder p\u00fablico va a actuar como orientador e inductor de pol\u00edticas y como proveedor de equipamientos; las instituciones de investigaci\u00f3n ser\u00e1n responsables por la formaci\u00f3n de recursos humanos y por la generaci\u00f3n de nuevos conocimientos; y el sector privado participar\u00e1 con inversiones y con la implantaci\u00f3n de nuevos negocios.<\/p>\n<p>La expectativa, de acuerdo con Steiner, es ampliar las inversiones de empresas en investigaci\u00f3n y desarrollo y estimular el n\u00famero de registros de patentes. Los parques ser\u00e1n, tambi\u00e9n, ambientes de sustentabilidad ambiental y deben servir de paradigma para el patr\u00f3n de vida del siglo XXI, subraya Steiner.<\/p>\n<p>Los parques de S\u00e3o Jos\u00e9 dos Campos, con foco en la industria aeron\u00e1utica, y de S\u00e3o Carlos, que se especializar\u00e1 en las \u00e1reas de \u00f3ptica, materiales e instrumentaci\u00f3n, ya est\u00e1n en estadio avanzado: los n\u00facleos instalados y las entidades gestoras constituidas. Vale (ex Companhia Vale do R\u00edo Doce), por ejemplo, est\u00e1 instalando en el polo de S\u00e3o Jos\u00e9 dos Campos un centro de investigaciones dedicado a la energ\u00eda, el Centro de Desarrollo Tecnol\u00f3gico en Energ\u00eda (CDTE), en asociaci\u00f3n con el Banco Nacional de Desarrollo Econ\u00f3mico y Social (BNDES).<\/p>\n<p>Los dem\u00e1s comenzaron a articular alianzas y detallar los proyectos: los parques de Piracicaba, volcado para la producci\u00f3n del etanol; de Ribeir\u00e3o Preto, direccionado a la salud; de Campinas, enfocado en la tecnolog\u00eda de comunicaci\u00f3n e informaci\u00f3n; y el de S\u00e3o Jos\u00e9 do Rio Preto, que deber\u00e1 especializarse en el \u00e1rea de biotecnolog\u00eda. El emprendimiento m\u00e1s atrasado es el de S\u00e3o Paulo, que podr\u00e1 tener como bandera los servicios intensivos de conocimiento.<\/p>\n","protected":false},"excerpt":{"rendered":"El Proyecto del Sistema de Parques Tecnol\u00f3gicos de S\u00e3o Paulo est\u00e1 concluido","protected":false},"author":127,"featured_media":0,"comment_status":"closed","ping_status":"closed","sticky":false,"template":"","format":"standard","meta":{"_acf_changed":false,"_exactmetrics_skip_tracking":false,"_exactmetrics_sitenote_active":false,"_exactmetrics_sitenote_note":"","_exactmetrics_sitenote_category":0,"footnotes":""},"categories":[189],"tags":[312],"coauthors":[437],"class_list":["post-83602","post","type-post","status-publish","format-standard","hentry","category-politica-ct","tag-innovacion"],"acf":[],"_links":{"self":[{"href":"https:\/\/revistapesquisa.fapesp.br\/es\/wp-json\/wp\/v2\/posts\/83602","targetHints":{"allow":["GET"]}}],"collection":[{"href":"https:\/\/revistapesquisa.fapesp.br\/es\/wp-json\/wp\/v2\/posts"}],"about":[{"href":"https:\/\/revistapesquisa.fapesp.br\/es\/wp-json\/wp\/v2\/types\/post"}],"author":[{"embeddable":true,"href":"https:\/\/revistapesquisa.fapesp.br\/es\/wp-json\/wp\/v2\/users\/127"}],"replies":[{"embeddable":true,"href":"https:\/\/revistapesquisa.fapesp.br\/es\/wp-json\/wp\/v2\/comments?post=83602"}],"version-history":[{"count":0,"href":"https:\/\/revistapesquisa.fapesp.br\/es\/wp-json\/wp\/v2\/posts\/83602\/revisions"}],"wp:attachment":[{"href":"https:\/\/revistapesquisa.fapesp.br\/es\/wp-json\/wp\/v2\/media?parent=83602"}],"wp:term":[{"taxonomy":"category","embeddable":true,"href":"https:\/\/revistapesquisa.fapesp.br\/es\/wp-json\/wp\/v2\/categories?post=83602"},{"taxonomy":"post_tag","embeddable":true,"href":"https:\/\/revistapesquisa.fapesp.br\/es\/wp-json\/wp\/v2\/tags?post=83602"},{"taxonomy":"author","embeddable":true,"href":"https:\/\/revistapesquisa.fapesp.br\/es\/wp-json\/wp\/v2\/coauthors?post=83602"}],"curies":[{"name":"wp","href":"https:\/\/api.w.org\/{rel}","templated":true}]}}