{"id":84154,"date":"2008-10-01T00:00:00","date_gmt":"2008-10-01T00:00:00","guid":{"rendered":"http:\/\/revistapesquisa.fapesp.br\/2008\/10\/01\/la-caza-a-la-vinchuca-2\/"},"modified":"2017-07-10T14:48:18","modified_gmt":"2017-07-10T17:48:18","slug":"la-caza-a-la-vinchuca-2","status":"publish","type":"post","link":"https:\/\/revistapesquisa.fapesp.br\/es\/la-caza-a-la-vinchuca-2\/","title":{"rendered":"La caza a la vinchuca"},"content":{"rendered":"<p><a href=\"http:\/\/revistapesquisa.fapesp.br\/wp-content\/uploads\/2008\/10\/memoria_exame-2.jpg\"><img loading=\"lazy\" decoding=\"async\" class=\"alignright size-medium wp-image-242049\" src=\"http:\/\/revistapesquisa.fapesp.br\/wp-content\/uploads\/2008\/10\/memoria_exame-2-300x221.jpg\" alt=\"\" width=\"300\" height=\"221\" \/><span class=\"media-credits-inline\">Archivo Personal JCPD<\/span><\/a>En 1940, una paciente que ten\u00eda un s\u00edntoma caracter\u00edstico de la enfermedad de Chagas \u2013\u00a0la hinchaz\u00f3n en uno de los ojos, conocida con el nombre de signo de Roma\u00f1a \u2013\u00a0llev\u00f3 a Am\u00edlcar Martins, investigador del Instituto Ezequiel Dias, de Belo Horizonte, hasta Bambu\u00ed, una localidad ubicada en el oeste de Minas Gerais. All\u00ed se percat\u00f3 de que se encontraba ante un foco altamente end\u00e9mico de la afecci\u00f3n, y solicit\u00f3 a Emmanuel Dias y Cec\u00edlio Roma\u00f1a, del Instituto Oswaldo Cruz (IOC) de R\u00edo de Janeiro, que visitaran la localidad. Fue en aquella ciudad, ubicada cerca de la cabecera del r\u00edo S\u00e3o Francisco, que se concretaron las principales experiencias que permitieron combatir con gran \u00e9xito el mal en Brasil. Emmanuel Dias (1908-1962) fue el principal personaje de esa segunda fase de descubrimientos sobre la transmisi\u00f3n de la enfermedad.<\/p>\n<p>Carlos Chagas caus\u00f3 asombr\u00f3 en abril de 1909, al comunicar a la comunidad cient\u00edfica que hab\u00eda descubierto una nueva dolencia humana, y tambi\u00e9n su agente (el protozoo <em>Trypanosoma cruzi<\/em>) y el vector (la chinche hemat\u00f3faga conocido como vinchuca). Es un caso \u00fanico en la historia de la medicina brasile\u00f1a que un mismo cient\u00edfico haya logrado identificar los tres factores. Esta enfermedad ocasiona a menudo la muerte en raz\u00f3n de los serios trastornos card\u00edacos provocados por el <em>T. cruzi<\/em>.<\/p>\n<p><a href=\"http:\/\/revistapesquisa.fapesp.br\/wp-content\/uploads\/2008\/10\/memoria_trem-2.jpg\"><img loading=\"lazy\" decoding=\"async\" class=\"alignleft size-medium wp-image-242051\" src=\"http:\/\/revistapesquisa.fapesp.br\/wp-content\/uploads\/2008\/10\/memoria_trem-2-300x290.jpg\" alt=\"\" width=\"300\" height=\"290\" \/><span class=\"media-credits-inline\">Archivo Personal JCPD<\/span><\/a>Desde 1908, cuando Chagas empez\u00f3 sus estudios, hasta 1940, hab\u00edan sido detectados tan s\u00f3lo 29 casos agudos, todos en el norte de Minas Gerais. Con la epidemia de Bambu\u00ed, Emmanuel Dias fue destacado para hacerse cargo de las investigaciones en la ciudad, donde identific\u00f3 el 80% de las casas con infestaci\u00f3n de vinchucas \u2013\u00a0en la periferia, la mitad de la poblaci\u00f3n estaba infectada. En 1943 Dias instal\u00f3 en la ciudad el Centro de Estudios y Profilaxis de la Afecci\u00f3n de Chagas, un puesto avanzado del IOC (actual Fiocruz). Mape\u00f3 la localidad y empez\u00f3 una lucha sin tregua para eliminar al insecto. En la \u00e9poca, ni tampoco hoy en d\u00eda, no exist\u00eda una vacuna o un tratamiento eficaz para la enfermedad. En total se describieron 368 casos agudos y alrededor de 10 mil casos cr\u00f3nicos de la dolencia.<\/p>\n<p><a href=\"http:\/\/revistapesquisa.fapesp.br\/wp-content\/uploads\/2008\/10\/memoria_casa-2.jpg\"><img loading=\"lazy\" decoding=\"async\" class=\"alignright size-medium wp-image-242048\" src=\"http:\/\/revistapesquisa.fapesp.br\/wp-content\/uploads\/2008\/10\/memoria_casa-2-300x242.jpg\" alt=\"\" width=\"300\" height=\"242\" \/><span class=\"media-credits-inline\">Archivo Personal JCPD<\/span><\/a>La vinchuca lleg\u00f3 a Bambu\u00ed con el ferrocarril y la inmigraci\u00f3n. Una vez instalada, encontr\u00f3 las condiciones ideales para procrearse: las casas eran miserables, de tapia o madera. Dias sab\u00eda que la \u00fanica posibilidad de detener la transmisi\u00f3n ser\u00eda eliminando al vector. Por eso prob\u00f3 con todos los m\u00e9todos \u2013\u00a0del lanzallamas al gas cian\u00eddrico, desde compuestos de soda c\u00e1ustica a queros\u00e9n. &#8220;Lleg\u00f3 incluso a intentar comprar vinchucas, pero eran tantas que le falt\u00f3 dinero&#8221;, comenta Jo\u00e3o Carlos Pinto Dias, uno de los cinco hijos de Emmanuel, investigador del Centro de Investigaciones Ren\u00e9 Rachou, de Belo Horizonte, y actualmente director del centro que su padre cre\u00f3. Los mejores resultados se obtuvieron con el hexaclorocilo-hexano, el BHC, un insecticida posteriormente prohibido.<\/p>\n<p><a href=\"http:\/\/revistapesquisa.fapesp.br\/wp-content\/uploads\/2008\/10\/memoria_homens-2.jpg\"><img loading=\"lazy\" decoding=\"async\" class=\"alignleft size-medium wp-image-242050\" src=\"http:\/\/revistapesquisa.fapesp.br\/wp-content\/uploads\/2008\/10\/memoria_homens-2-246x300.jpg\" alt=\"\" width=\"246\" height=\"300\" \/><span class=\"media-credits-inline\">Archivo Personal JCPD<\/span><\/a>Dias fue a las escuelas, escribi\u00f3 art\u00edculos, llev\u00f3 autoridades nacionales a conocer la ciudad\u00a0 infestada y logr\u00f3 mejorar el nivel de algunas casas, como las de los ferroviarios de la antigua empresa Rede Mineira de Via\u00e7\u00e3o, con cemento y el\u00a0 blanqueado con cal. Esas fueron las primeras campa\u00f1as contra la enfermedad, despu\u00e9s llevadas adelante por el propio investigador en todo Brasil y en Chile, Uruguay, Venezuela, Costa Rica y Argentina, hasta su muerte en 1962, en un accidente automovil\u00edstico. &#8220;En la actualidad, la infestaci\u00f3n en Bambu\u00ed es nula&#8221;, informa Jo\u00e3o Carlos. Y en 2006, la Organizaci\u00f3n Panamericana de la Salud (Opas) certific\u00f3 al pa\u00eds por la interrupci\u00f3n de la transmisi\u00f3n de la enfermedad de Chagas en su territorio nacional. En agosto de 2008, el presidente de la Fiocruz, Paulo Buss, proclam\u00f3 a Emmanuel Dias, con motivo de un homenaje p\u00fablico, como el cient\u00edfico que produjo el mayor impacto en el enfrentamiento de la enfermedad.<\/p>\n","protected":false},"excerpt":{"rendered":"Las primeras campa\u00f1as destinadas a erradicar la vinchuca","protected":false},"author":15,"featured_media":0,"comment_status":"closed","ping_status":"closed","sticky":false,"template":"","format":"standard","meta":{"_acf_changed":false,"_exactmetrics_skip_tracking":false,"_exactmetrics_sitenote_active":false,"_exactmetrics_sitenote_note":"","_exactmetrics_sitenote_category":0,"footnotes":""},"categories":[188],"tags":[316,329],"coauthors":[104],"class_list":["post-84154","post","type-post","status-publish","format-standard","hentry","category-memoria-es","tag-medicina-es","tag-salud-publica"],"acf":[],"_links":{"self":[{"href":"https:\/\/revistapesquisa.fapesp.br\/es\/wp-json\/wp\/v2\/posts\/84154","targetHints":{"allow":["GET"]}}],"collection":[{"href":"https:\/\/revistapesquisa.fapesp.br\/es\/wp-json\/wp\/v2\/posts"}],"about":[{"href":"https:\/\/revistapesquisa.fapesp.br\/es\/wp-json\/wp\/v2\/types\/post"}],"author":[{"embeddable":true,"href":"https:\/\/revistapesquisa.fapesp.br\/es\/wp-json\/wp\/v2\/users\/15"}],"replies":[{"embeddable":true,"href":"https:\/\/revistapesquisa.fapesp.br\/es\/wp-json\/wp\/v2\/comments?post=84154"}],"version-history":[{"count":0,"href":"https:\/\/revistapesquisa.fapesp.br\/es\/wp-json\/wp\/v2\/posts\/84154\/revisions"}],"wp:attachment":[{"href":"https:\/\/revistapesquisa.fapesp.br\/es\/wp-json\/wp\/v2\/media?parent=84154"}],"wp:term":[{"taxonomy":"category","embeddable":true,"href":"https:\/\/revistapesquisa.fapesp.br\/es\/wp-json\/wp\/v2\/categories?post=84154"},{"taxonomy":"post_tag","embeddable":true,"href":"https:\/\/revistapesquisa.fapesp.br\/es\/wp-json\/wp\/v2\/tags?post=84154"},{"taxonomy":"author","embeddable":true,"href":"https:\/\/revistapesquisa.fapesp.br\/es\/wp-json\/wp\/v2\/coauthors?post=84154"}],"curies":[{"name":"wp","href":"https:\/\/api.w.org\/{rel}","templated":true}]}}