{"id":84290,"date":"2009-04-01T00:00:00","date_gmt":"2009-04-01T00:00:00","guid":{"rendered":"http:\/\/revistapesquisa.fapesp.br\/2009\/04\/01\/dividir-para-gobernar\/"},"modified":"2017-01-24T16:41:46","modified_gmt":"2017-01-24T18:41:46","slug":"dividir-para-gobernar","status":"publish","type":"post","link":"https:\/\/revistapesquisa.fapesp.br\/es\/dividir-para-gobernar\/","title":{"rendered":"Dividir para gobernar"},"content":{"rendered":"<p><a href=\"http:\/\/revistapesquisa.fapesp.br\/wp-content\/uploads\/2009\/04\/Mem_Fabio-R-C-G-25.jpg\" rel=\"attachment wp-att-230708\"><img loading=\"lazy\" decoding=\"async\" class=\"alignright wp-image-230708\" src=\"http:\/\/revistapesquisa.fapesp.br\/wp-content\/uploads\/2009\/04\/Mem_Fabio-R-C-G-25-693x1024.jpg\" alt=\"Mem_Fabio R C G (25)\" width=\"300\" height=\"443\" \/><span class=\"media-credits-inline\">IBGE<\/span><\/a>La divisi\u00f3n regional de Brasil en cinco grandes regiones geogr\u00e1ficas se adopt\u00f3 oficialmente en 1942, y desde entonces, contribuy\u00f3 a la organizaci\u00f3n y administraci\u00f3n del territorio nacional. En 1945 hubo una subdivisi\u00f3n y se crearon microrregiones (en ese entonces denominadas zonas fisiogr\u00e1ficas), que son conglomerados de municipios con caracter\u00edsticas en com\u00fan. Los dos trabajos son obra del ingeniero y ge\u00f3grafo carioca F\u00e1bio de Macedo Soares Guimar\u00e3es (1906-1979), uno de los investigadores pioneros del Instituto Brasile\u00f1o de Geograf\u00eda y Estad\u00edstica (IBGE).<\/p>\n<p>&#8220;Hasta los d\u00edas actuales, los planes de gobierno se realizan tomando como base las divisiones geogr\u00e1ficas, con sus macro y microrregiones, que indican c\u00f3mo deben distribuirse los recursos del Tesoro por cada \u00e1rea&#8221;, dice Roberto Schmidt Almeida, ge\u00f3grafo, docente jubilado de la Universidad Estadual de R\u00edo de Janeiro y estudioso de la historia de la geograf\u00eda brasile\u00f1a. &#8220;Y Fabio Guimar\u00e3es era el investigador brasile\u00f1o que mejor entend\u00eda esos procesos de divisi\u00f3n&#8221;. Su estudio sali\u00f3 publicado en la Revista Brasileira de Geografia, en la edici\u00f3n de abril-junio de 1941, y adoptado al a\u00f1o siguiente.<\/p>\n<p>La divisi\u00f3n que planteaba separaba los 21 estados y el Distrito Federal de aquella \u00e9poca en Norte (Amazonas y Par\u00e1), Nordeste (Maranh\u00e3o, Piau\u00ed, Cear\u00e1, R\u00edo Grande do Norte, Para\u00edba, Pernambuco y Alagoas), Este (Sergipe, Bah\u00eda, Minas Gerais, Esp\u00edrito Santo, R\u00edo de Janeiro y Distrito Federal), Sur (S\u00e3o Paulo, Santa Catarina, Paran\u00e1 y R\u00edo Grande do Sul) y Centro-Oeste (Mato Grosso y Goi\u00e1s). Hab\u00eda cinco territorios pues, tambi\u00e9n agrupados en las grandes regiones.<\/p>\n<p>Pasados 30 a\u00f1os, en 1969, se hizo necesario reordenar el territorio nacional. El n\u00facleo econ\u00f3mico del pa\u00eds se hab\u00eda convertido en un tri\u00e1ngulo, que ten\u00eda sus v\u00e9rtices en las capitales de estados R\u00edo de Janeiro, Belo Horizonte y S\u00e3o Paulo. Por esa raz\u00f3n, se agruparon R\u00edo, Minas y S\u00e3o Paulo, adem\u00e1s de Esp\u00edrito Santo, en una nueva regi\u00f3n: Sudeste. La regi\u00f3n Este desapareci\u00f3; Bah\u00eda y Sergipe pasaron a formar parte de la regi\u00f3n Nordeste. Brasilia ya se hallaba en la Centro-Oeste. Algunos territorios fueron ascendidos a estado, distribuidos en las macrorregiones de acuerdo con la proximidad y las caracter\u00edsticas. Esa actualizaci\u00f3n del territorio no estuvo a cargo de Guimar\u00e3es, quien en la \u00e9poca no se hallaba en el IBGE, sino dando clases en la Pontificia Universidad Cat\u00f3lica de R\u00edo.<\/p>\n<p>Las contribuciones del ge\u00f3grafo no se limitaron a la divisi\u00f3n del pa\u00eds. Hubo muchas otras, la mayor\u00eda de ellas en los a\u00f1os 1940. Guimar\u00e3es determin\u00f3 matem\u00e1ticamente el centro exacto de Brasil -que contrariamente a lo que se pensaba en la \u00e9poca, se sit\u00faa en el nordeste de Mato Grosso, y no en Goi\u00e1s. En 1947 lider\u00f3 una de las dos expediciones a la Meseta Central para examinar los mejores sitios y evaluar la localizaci\u00f3n de la futura capital federal junto con uno de los m\u00e1s importantes e influyentes ge\u00f3grafos del per\u00edodo, el alem\u00e1n radicado en Estados Unidos Leo Weibel, a saz\u00f3n contratado como consultor.<\/p>\n<p>En un texto escrito en ocasi\u00f3n de la conmemoraci\u00f3n del centenario del nacimiento de Guimar\u00e3es, en 2006, Orlando Valverde, ge\u00f3grafo del IBGE, record\u00f3 que F\u00e1bio Guimar\u00e3es realiz\u00f3 un famoso an\u00e1lisis t\u00e9cnico de la cuesti\u00f3n de los l\u00edmites entre los estados de Esp\u00edrito Santo y Minas Gerais. &#8220;Demostr\u00f3 con numerosos ejemplos de Brasil y del exterior que una l\u00ednea de cumbres monta\u00f1osas no siempre conforma un l\u00edmite; que un r\u00edo puede atravesar una sierra mediante gargantas; que un l\u00edmite importante puede hallarse dentro de un valle&#8221;, escribi\u00f3 Valverde. &#8220;O sea, aclar\u00f3 un error muy com\u00fan entre estudiosos del derecho internacional, por otra parte&#8221;.<\/p>\n<p>Guimar\u00e3es trabaj\u00f3 durante 30 a\u00f1os en el IBGE. Desde 1969 en adelante se dedic\u00f3 solamente a ense\u00f1ar en las aulas las ideas que hab\u00eda desarrollado en el instituto y aprendido durante las investigaciones de campo en Brasil.<\/p>\n","protected":false},"excerpt":{"rendered":"Hace 67 a\u00f1os, Brasil implementaba la divisi\u00f3n regional ","protected":false},"author":15,"featured_media":0,"comment_status":"closed","ping_status":"closed","sticky":false,"template":"","format":"standard","meta":{"_acf_changed":false,"_exactmetrics_skip_tracking":false,"_exactmetrics_sitenote_active":false,"_exactmetrics_sitenote_note":"","_exactmetrics_sitenote_category":0,"footnotes":""},"categories":[188],"tags":[308],"coauthors":[104],"class_list":["post-84290","post","type-post","status-publish","format-standard","hentry","category-memoria-es","tag-geografia-es"],"acf":[],"_links":{"self":[{"href":"https:\/\/revistapesquisa.fapesp.br\/es\/wp-json\/wp\/v2\/posts\/84290","targetHints":{"allow":["GET"]}}],"collection":[{"href":"https:\/\/revistapesquisa.fapesp.br\/es\/wp-json\/wp\/v2\/posts"}],"about":[{"href":"https:\/\/revistapesquisa.fapesp.br\/es\/wp-json\/wp\/v2\/types\/post"}],"author":[{"embeddable":true,"href":"https:\/\/revistapesquisa.fapesp.br\/es\/wp-json\/wp\/v2\/users\/15"}],"replies":[{"embeddable":true,"href":"https:\/\/revistapesquisa.fapesp.br\/es\/wp-json\/wp\/v2\/comments?post=84290"}],"version-history":[{"count":0,"href":"https:\/\/revistapesquisa.fapesp.br\/es\/wp-json\/wp\/v2\/posts\/84290\/revisions"}],"wp:attachment":[{"href":"https:\/\/revistapesquisa.fapesp.br\/es\/wp-json\/wp\/v2\/media?parent=84290"}],"wp:term":[{"taxonomy":"category","embeddable":true,"href":"https:\/\/revistapesquisa.fapesp.br\/es\/wp-json\/wp\/v2\/categories?post=84290"},{"taxonomy":"post_tag","embeddable":true,"href":"https:\/\/revistapesquisa.fapesp.br\/es\/wp-json\/wp\/v2\/tags?post=84290"},{"taxonomy":"author","embeddable":true,"href":"https:\/\/revistapesquisa.fapesp.br\/es\/wp-json\/wp\/v2\/coauthors?post=84290"}],"curies":[{"name":"wp","href":"https:\/\/api.w.org\/{rel}","templated":true}]}}