{"id":84917,"date":"2002-11-01T21:16:57","date_gmt":"2002-11-02T00:16:57","guid":{"rendered":"http:\/\/revistapesquisa.fapesp.br\/?p=84917"},"modified":"2013-01-18T19:32:04","modified_gmt":"2013-01-18T21:32:04","slug":"revistas-5","status":"publish","type":"post","link":"https:\/\/revistapesquisa.fapesp.br\/es\/revistas-5\/","title":{"rendered":"Revistas"},"content":{"rendered":"<p><strong><em>Cadernos de Hist\u00f3ria e Filosofia da Ci\u00eancia<\/em><\/strong><br \/>\nTomo 11 &#8211; N\u00famero 1<\/p>\n<p>La publicaci\u00f3n semestral del Centro de L\u00f3gica, Epistemolog\u00eda e Historia de la Ciencia de la Universidad Estadual de Campinas trae en su edici\u00f3n m\u00e1s reciente un dossier que re\u00fane estudios sobre la filosof\u00eda del siglo XVII. El trabajo de organizaci\u00f3n fue de las profesoras Marilena Chau\u00ed y F\u00e1tima \u00c9vora. Entre los art\u00edculos: \u201cLa Definici\u00f3n Real en la Apertura de la \u00c9tica I de Spinoza\u201d, de Marilena Chau\u00ed; \u201cLa Fe y la Raz\u00f3n de la Apolog\u00eda de la Religi\u00f3n Cristiana de Pascal\u201d, de Franklin Leopoldo e Silva; \u201cProfec\u00eda y Contemporaneidad en la Historia Pascalina\u201d, de Luis C\u00e9sar Guimar\u00e3es Oliva; \u201cLeibniz y un Laberinto de la Raz\u00f3n: \u00bfHay una Salida?\u201d, de Tessa Moura Lacerda y \u201cLa G\u00e9nesis de los Obst\u00e1culos Epistemol\u00f3gicos\u201d, de Moys\u00e9s Floriano Machado-Filho.<\/p>\n<p>&nbsp;<\/p>\n<p><strong><em>Hist\u00f3ria, Ci\u00eancias, Sa\u00fade<\/em><\/strong><br \/>\nTomo 9 &#8211; N\u00famero 2<\/p>\n<p>La nueva edici\u00f3n de la revista cuatrimestral de la Fundaci\u00f3n Oswaldo Cruz &#8211; Manguinhos, de R\u00edo de Janeiro, trae los siguientes textos: \u201cUna Experiencia de Investigaci\u00f3n en una Regi\u00f3n Perif\u00e9rica: la Amazonia\u201d, de Barbara Weinstein; \u201cLos Conceptos de Salud en los Discursos Contempor\u00e1neos de Referencia Cient\u00edfica\u201d, de Maria Thereza Dantas Coelho y Naomar de Almeida Filho; \u201cLa Escuela Tropicalista Bahiana: un Mito de Origen de la Medicina Tropical en Brasil\u201d, de Flavio Coelho Edler e \u201cInternet y Autocuidado en Salud: Como Juntar los Retazos?\u201d, de Lu\u00eds David Castiel y Paulo Vasconcelos.<\/p>\n<p>&nbsp;<\/p>\n<p><strong><em>Cadernos de Pesquisa da Fundaci\u00f3n Carlos Chagas<\/em><\/strong><br \/>\nN\u00famero 116<\/p>\n<p>Esta revista es una publicaci\u00f3n cuatrimestral de la Fundaci\u00f3n Carlos Chagas, dedicada a art\u00edculos sobre educaci\u00f3n, g\u00e9nero y raza. En este n\u00famero m\u00e1s reciente, el tema destacado es el abordaje sociohist\u00f3rico en la investigaci\u00f3n cualitativa. Entre los diversos art\u00edculos que discurren sobre este tema se encuentran: \u201cVoces y Silencio en el Texto de Investigaci\u00f3n en Ciencias Humanas\u201d, de Marilia Amorim y \u201cEl Abordaje Sociohist\u00f3rico como Direcci\u00f3n en la Investigaci\u00f3n Cualitativa\u201d, de Maria Freitas.<\/p>\n","protected":false},"excerpt":{"rendered":"Revistas publicadas en noviembre de 2002","protected":false},"author":6,"featured_media":0,"comment_status":"open","ping_status":"open","sticky":false,"template":"","format":"standard","meta":{"_acf_changed":false,"_exactmetrics_skip_tracking":false,"_exactmetrics_sitenote_active":false,"_exactmetrics_sitenote_note":"","_exactmetrics_sitenote_category":0,"footnotes":""},"categories":[190],"tags":[],"coauthors":[93],"class_list":["post-84917","post","type-post","status-publish","format-standard","hentry","category-resenas"],"acf":[],"_links":{"self":[{"href":"https:\/\/revistapesquisa.fapesp.br\/es\/wp-json\/wp\/v2\/posts\/84917","targetHints":{"allow":["GET"]}}],"collection":[{"href":"https:\/\/revistapesquisa.fapesp.br\/es\/wp-json\/wp\/v2\/posts"}],"about":[{"href":"https:\/\/revistapesquisa.fapesp.br\/es\/wp-json\/wp\/v2\/types\/post"}],"author":[{"embeddable":true,"href":"https:\/\/revistapesquisa.fapesp.br\/es\/wp-json\/wp\/v2\/users\/6"}],"replies":[{"embeddable":true,"href":"https:\/\/revistapesquisa.fapesp.br\/es\/wp-json\/wp\/v2\/comments?post=84917"}],"version-history":[{"count":0,"href":"https:\/\/revistapesquisa.fapesp.br\/es\/wp-json\/wp\/v2\/posts\/84917\/revisions"}],"wp:attachment":[{"href":"https:\/\/revistapesquisa.fapesp.br\/es\/wp-json\/wp\/v2\/media?parent=84917"}],"wp:term":[{"taxonomy":"category","embeddable":true,"href":"https:\/\/revistapesquisa.fapesp.br\/es\/wp-json\/wp\/v2\/categories?post=84917"},{"taxonomy":"post_tag","embeddable":true,"href":"https:\/\/revistapesquisa.fapesp.br\/es\/wp-json\/wp\/v2\/tags?post=84917"},{"taxonomy":"author","embeddable":true,"href":"https:\/\/revistapesquisa.fapesp.br\/es\/wp-json\/wp\/v2\/coauthors?post=84917"}],"curies":[{"name":"wp","href":"https:\/\/api.w.org\/{rel}","templated":true}]}}