{"id":85237,"date":"2001-06-01T00:00:16","date_gmt":"2001-06-01T03:00:16","guid":{"rendered":"http:\/\/revistapesquisa.fapesp.br\/?p=85237"},"modified":"2013-01-11T22:27:13","modified_gmt":"2013-01-12T00:27:13","slug":"castro-alves-vuelve-a-escena","status":"publish","type":"post","link":"https:\/\/revistapesquisa.fapesp.br\/es\/castro-alves-vuelve-a-escena\/","title":{"rendered":"Castro Alves vuelve a escena"},"content":{"rendered":"<p><em>Un libro que recoloca al poeta bahiano en el centro de la trama cultural brasile\u00f1a<\/em><\/p>\n<p>En el eterno duelo entre el <em>Eros santo guerrero<\/em> y el <em>T\u00e1natos drag\u00f3n de la maldad<\/em>, este \u00faltimo vence siempre. Por lo menos te\u00f3ricamente\u00a0 \u2013al fin y al cabo todos nosotros, inexorablemente, moriremos, capitularemos. Pero ocurre que el hombre muere, pero la fama permanece. Es decir, Eros, incluso cuando tumbado por T\u00e1natos, hace eco por los siete mares, se reproduce, seduce con la fuerza de las palabras, de los gestos y de los sonidos que se perennizan, promueve desvar\u00edos po\u00e9ticos, mueve ideas y molinos, derriba muros, construye castillos: en fin, permanece.<\/p>\n<p>Antonio Frederico de Castro Alves, mixto de dandy y poeta que a mediados del siglo XIX escribi\u00f3 y declam\u00f3 versos tanto para derribar tiran\u00edas como para seducir mujeres, con id\u00e9ntico furor ideol\u00f3gico y pulsi\u00f3n sexual, muri\u00f3 a los 24 a\u00f1os,\u00a0 fulminado por una rom\u00e1ntica pero letal tuberculosis. El duelo entre vida y muerte, Eros y T\u00e1natos, acabar\u00eda all\u00ed. Te\u00f3ricamente. La posteridad prob\u00f3 que Eros enga\u00f1\u00f3 a T\u00e1natos y, al elevarlo a la condici\u00f3n de mito, lo perpetu\u00f3 como genio y hombre capaz de demostrar que la vida y la libertad deben correr paralelamente, como el r\u00edo y la orilla.<\/p>\n<p>Edilene Matos, en <em>Castro Alves \u2013 Imagens Fragmentadas de um Mito<\/em>, tesis de doctorado en Comunicaci\u00f3n y Semi\u00f3tica en la Pontificia Universidad de S\u00e3o Paulo, defendida en 1999 y ahora transformada en libro, revuelve una y otra vez en ese caldero m\u00edtico que hace de este bahiano el m\u00e1s popular poeta brasile\u00f1o en 501 anos de historia. Quien lo dude, escuche las trovas castroalvinas desde Rodolfo Coelho Cavalcanti hasta Qu\u00edca de Santo Amaro. O sum\u00e9rjase en el imaginario popular.<\/p>\n<p>En el apasionado texto de Edilene se revelan todos los Castro Alves posibles: el bohemio, el rebelde, el dandy, el deslumbrado, el hablador, el diab\u00f3lico y seductor, el defensor de los pobres y de los oprimidos, el amante de la libertad, el Glauber Rocha (nada m\u00e1s glauberiano que \u201c<em>sinto em mim o borbulhar do g\u00eanio<\/em>\u201d), o Pushkin, o Baudelaire, o Maiakovski y, tambi\u00e9n, el autor de algunos de los m\u00e1s fundamentales versos de la poes\u00eda brasile\u00f1a.<\/p>\n<p>El resultado del trabajo de la autora es casi glauberiano, en el sentido de, a partir de una estructura multifacetada, no cartesiana, revelar qu\u00e9 se esconde detr\u00e1s de aqu\u00e9l que pas\u00f3 a la posteridad como el \u201cpoeta de los esclavos\u201d. Al revolver en el mito, casi destruy\u00e9ndolo, Edilene lo remitifica. \u00c9l era todo eso y mucho m\u00e1s. Era necesario este redimensionamiento de la obra de Castro Alves, equivocadamente asociado en los \u00faltimos tiempos al oficialismo hist\u00f3rico y al status quo. Versos que recitamos desde ni\u00f1os (tipo: \u201c<em>Oh Deus. Oh, Deus! Onde est\u00e1s? Onde est\u00e1s que n\u00e3o respondes&#8230;?\u201d<\/em>) parecen reconquistar, a partir del texto de Edilene, la dimensi\u00f3n \u00e9pica que de hecho los inspir\u00f3.<\/p>\n<p>Para escribir su libro, la autora recurre astutamente a las sabidur\u00edas m\u00e1s diversas. Cita autoridades de la <em>intelligentsia<\/em> c\u00f3smica: Theodor Adorno, Gaston Bachelard, Mikhail Bakhtin, Georges Batailis, Jean Baudrillard. Pero tambi\u00e9n busca informaciones en Dona Dadu da Fazenda Cabaceiras, mujer sencilla del interior de Bah\u00eda que idolatra al escritor, y Donana, poeta popular autor de <em>Prece a Castro Alves<\/em>. Hace bien: en la (re)construcci\u00f3n de un mito, todas las voces importan.<\/p>\n<p>Edilene trae de regreso al centro de la trama cultural brasile\u00f1a a uno de sus m\u00e1s importantes poetas, lo desempaqueta, lo retira del embalaje pomposo en el que lo hab\u00edan metido. Y nos hace creer que el poeta muerto era gente como nosotros. De all\u00ed su grandeza, que ning\u00fan T\u00e1natos podr\u00e1 destruir.<\/p>\n<p><em>Rog\u00e9rio Menezes es periodista y cronista del diario Correio Braziliense, de Brasilia<\/em><\/p>\n","protected":false},"excerpt":{"rendered":"Castro Alves \u2013 Imagens Fragmentadas de um Mito | Edilene Matos ","protected":false},"author":6,"featured_media":0,"comment_status":"open","ping_status":"open","sticky":false,"template":"","format":"standard","meta":{"_acf_changed":false,"_exactmetrics_skip_tracking":false,"_exactmetrics_sitenote_active":false,"_exactmetrics_sitenote_note":"","_exactmetrics_sitenote_category":0,"footnotes":""},"categories":[190],"tags":[],"coauthors":[93],"class_list":["post-85237","post","type-post","status-publish","format-standard","hentry","category-resenas"],"acf":[],"_links":{"self":[{"href":"https:\/\/revistapesquisa.fapesp.br\/es\/wp-json\/wp\/v2\/posts\/85237","targetHints":{"allow":["GET"]}}],"collection":[{"href":"https:\/\/revistapesquisa.fapesp.br\/es\/wp-json\/wp\/v2\/posts"}],"about":[{"href":"https:\/\/revistapesquisa.fapesp.br\/es\/wp-json\/wp\/v2\/types\/post"}],"author":[{"embeddable":true,"href":"https:\/\/revistapesquisa.fapesp.br\/es\/wp-json\/wp\/v2\/users\/6"}],"replies":[{"embeddable":true,"href":"https:\/\/revistapesquisa.fapesp.br\/es\/wp-json\/wp\/v2\/comments?post=85237"}],"version-history":[{"count":0,"href":"https:\/\/revistapesquisa.fapesp.br\/es\/wp-json\/wp\/v2\/posts\/85237\/revisions"}],"wp:attachment":[{"href":"https:\/\/revistapesquisa.fapesp.br\/es\/wp-json\/wp\/v2\/media?parent=85237"}],"wp:term":[{"taxonomy":"category","embeddable":true,"href":"https:\/\/revistapesquisa.fapesp.br\/es\/wp-json\/wp\/v2\/categories?post=85237"},{"taxonomy":"post_tag","embeddable":true,"href":"https:\/\/revistapesquisa.fapesp.br\/es\/wp-json\/wp\/v2\/tags?post=85237"},{"taxonomy":"author","embeddable":true,"href":"https:\/\/revistapesquisa.fapesp.br\/es\/wp-json\/wp\/v2\/coauthors?post=85237"}],"curies":[{"name":"wp","href":"https:\/\/api.w.org\/{rel}","templated":true}]}}