{"id":85959,"date":"2000-11-01T00:00:45","date_gmt":"2000-11-01T02:00:45","guid":{"rendered":"http:\/\/revistapesquisa.fapesp.br\/?p=85959"},"modified":"2015-03-18T16:23:07","modified_gmt":"2015-03-18T19:23:07","slug":"naranjas-de-mejor-calidad","status":"publish","type":"post","link":"https:\/\/revistapesquisa.fapesp.br\/es\/naranjas-de-mejor-calidad\/","title":{"rendered":"Naranjas de mejor calidad"},"content":{"rendered":"<p>Dentro de dos a\u00f1os el mercado externo solo aceptar\u00e1 frutas producidas en r\u00e9gimen de producci\u00f3n con un certificado de calidad que garantice los est\u00e1ndares m\u00ednimos exigidos mundialmente, como ya est\u00e1 ocurriendo hace ya alg\u00fan tiempo con la uva y el mango. Ahora le lleg\u00f3 el turno a las naranjas. La Empresa Brasile\u00f1a de Investigaci\u00f3n Agropecuaria (Embrapa) est\u00e1 iniciando el Proyecto Estrat\u00e9gico de Producci\u00f3n Integrada de C\u00edtricos de Brasil (PIFCitros), preparado con el objetivo de apoyar y revitalizar el negocio brasile\u00f1o de c\u00edtricos para exportaci\u00f3n, que gira anualmente en torno a 1,5 mil millones de d\u00f3lares. Su implementaci\u00f3n va a beneficiar directamente, en una primera fase, a 30 mil citricultores de los estado de S\u00e3o Paulo, Sergipe y Bah\u00eda, responsables por el 70% de la producci\u00f3n del pa\u00eds. El proyecto abarcar\u00e1 un \u00e1rea equivalente a 10 mil hect\u00e1reas en los tres estados. La Embrapa eval\u00faa que, en un futuro pr\u00f3ximo, la actividad presentar\u00e1 riesgo de p\u00e9rdida de mercado, en raz\u00f3n de la creciente exigencia del consumidor internacional por certificados que acrediten la garant\u00eda de calidad ambiental. El PIFCitros prev\u00e9 una inversi\u00f3n total de 6,7 millones de reales, siendo de estos 4,7 millones provenientes del Ministerio de Agricultura y Abastecimiento, en forma de becas, y 2 millones de reales de contrapartida de la iniciativa privada. Aderaldo de Souza Silva, investigador de la Embrapa Medio Ambiente y l\u00edder en el proyecto por la estatal, dice que el trabajo servir\u00e1 de apoyo para los productores de naranjas en la obtenci\u00f3n de est\u00e1ndares de producci\u00f3n ambientalmente correctos. \u201cEl sistema de Manejo de la Producci\u00f3n Integrada es la garant\u00eda de una producci\u00f3n de alimentos segura para la salud de los consumidores y asociada a la elevaci\u00f3n de la competitividad de las empresas\u201d, afirma. Adem\u00e1s de equipos de la Embrapa y de la Universidad Estadual Paulista (Unesp), el proyecto cuenta con la participaci\u00f3n de la Coopercitrus, Fundecitrus y de la Estaci\u00f3n Experimental de Citricultura de Bebedouro, entre otros.<\/p>\n","protected":false},"excerpt":{"rendered":"Naranjas de mejor calidad","protected":false},"author":6,"featured_media":0,"comment_status":"closed","ping_status":"closed","sticky":false,"template":"","format":"standard","meta":{"_acf_changed":false,"_exactmetrics_skip_tracking":false,"_exactmetrics_sitenote_active":false,"_exactmetrics_sitenote_note":"","_exactmetrics_sitenote_category":0,"footnotes":""},"categories":[184],"tags":[],"coauthors":[93],"class_list":["post-85959","post","type-post","status-publish","format-standard","hentry","category-estrategias-es"],"acf":[],"_links":{"self":[{"href":"https:\/\/revistapesquisa.fapesp.br\/es\/wp-json\/wp\/v2\/posts\/85959","targetHints":{"allow":["GET"]}}],"collection":[{"href":"https:\/\/revistapesquisa.fapesp.br\/es\/wp-json\/wp\/v2\/posts"}],"about":[{"href":"https:\/\/revistapesquisa.fapesp.br\/es\/wp-json\/wp\/v2\/types\/post"}],"author":[{"embeddable":true,"href":"https:\/\/revistapesquisa.fapesp.br\/es\/wp-json\/wp\/v2\/users\/6"}],"replies":[{"embeddable":true,"href":"https:\/\/revistapesquisa.fapesp.br\/es\/wp-json\/wp\/v2\/comments?post=85959"}],"version-history":[{"count":0,"href":"https:\/\/revistapesquisa.fapesp.br\/es\/wp-json\/wp\/v2\/posts\/85959\/revisions"}],"wp:attachment":[{"href":"https:\/\/revistapesquisa.fapesp.br\/es\/wp-json\/wp\/v2\/media?parent=85959"}],"wp:term":[{"taxonomy":"category","embeddable":true,"href":"https:\/\/revistapesquisa.fapesp.br\/es\/wp-json\/wp\/v2\/categories?post=85959"},{"taxonomy":"post_tag","embeddable":true,"href":"https:\/\/revistapesquisa.fapesp.br\/es\/wp-json\/wp\/v2\/tags?post=85959"},{"taxonomy":"author","embeddable":true,"href":"https:\/\/revistapesquisa.fapesp.br\/es\/wp-json\/wp\/v2\/coauthors?post=85959"}],"curies":[{"name":"wp","href":"https:\/\/api.w.org\/{rel}","templated":true}]}}