{"id":86644,"date":"2001-01-01T00:00:56","date_gmt":"2001-01-01T02:00:56","guid":{"rendered":"http:\/\/revistapesquisa.fapesp.br\/?p=86644"},"modified":"2015-04-02T15:38:17","modified_gmt":"2015-04-02T18:38:17","slug":"los-naturalistas-en-los-tiempos-del-rey","status":"publish","type":"post","link":"https:\/\/revistapesquisa.fapesp.br\/es\/los-naturalistas-en-los-tiempos-del-rey\/","title":{"rendered":"Los naturalistas en los tiempos del rey"},"content":{"rendered":"<p>A veces, el lugar com\u00fan no siempre es com\u00fan. \u00c9sa es la reflexi\u00f3n que surge al terminar la lectura del libro de Maria Elice Brzezinski Prestes, <em>Investiga\u00e7\u00e3o da Natureza no Brasil Col\u00f4nia<\/em>. Se ha convertido en lugar com\u00fan hablar acerca de la necesidad de revisar las ideas y estudios corrientes sobre la historia de la ciencia en Brasil, en especial la de los per\u00edodos colonial y mon\u00e1rquico. El punto de vista anterior indicaba que no hab\u00eda existido ninguna actividad cient\u00edfica en esos per\u00edodos. Pero \u00bfeso es verdad? La cuesti\u00f3n solo puede aclararse realizando investigaciones de car\u00e1cter hist\u00f3rico. Con todo, no se puede decir que los resultados alcanzados hasta ahora sean en general de buen nivel. Salvo honrosas excepciones, la mayor\u00eda de esos trabajos, pese a la buena voluntad de sus autores, peca por la lectura ligera y equivocada de obras de sus antecesores, m\u00e1s all\u00e1 de una comprensi\u00f3n superficial acerca de qu\u00e9 es ciencia.<\/p>\n<p>No es el caso de Maria Elice Brzezinski Prestes. Su tema es la investigaci\u00f3n de la naturaleza en el Brasil Colonial, por tanto, se enmarca en el lugar com\u00fan. No as\u00ed sus resultados. Mostrando una intimidad mayor con el objeto de su investigaci\u00f3n \u2013la ciencia biol\u00f3gica\u2013, intimidad que no se nota en la mayor\u00eda de sus colegas, ella ejercita con maestr\u00eda el m\u00e9todo hist\u00f3rico, situ\u00e1ndolo en el escenario de su tiempo. De esa forma, ella inicia su trabajo en el siglo XVI, haciendo una revisi\u00f3n de los escritos sobre viajeros y cronistas, en su mayor\u00eda extranjeros, que hablaron y describieron la fauna y la flora brasile\u00f1a de aquel tiempo. Se trata de relatos de misioneros y estudiosos como Anchieta, P\u00earo Gandavo, Ambr\u00f3sio Brand\u00e3o, Ivo d\u2019Evreux, Jean de Lery, Hans Staden, Andr\u00e9 Thevet, Georg Marcgrave y Willem Piso, entre otros. Argumenta persuasivamente que esas obras, aun cuando hablan de lo fant\u00e1stico y lo m\u00e1gico, est\u00e1n dentro de los c\u00e1nones del saber biol\u00f3gico vigente en el Renacimiento, que no habr\u00eda superado a\u00fan las caracter\u00edsticas escol\u00e1sticas y medievales.<\/p>\n<p>El panorama se transforma en los siglos XVII y XVIII, cuando emergi\u00f3 una nueva Historia Natural en Europa, centrada principalmente en las ideas de Lineu que se impusieron tras r\u00edspidas pol\u00e9micas con las de sus oponentes como Buffon, solo para citar uno de los m\u00e1s c\u00e9lebres. Es importante resaltar que, sin ese entendimiento acerca de la existencia de esa mudanza en los paradigmas biol\u00f3gicos del continente europeo, ser\u00eda imposible comprender el significado de las investigaciones sobre la naturaleza efectuadas en ese per\u00edodo en Brasil. Pero esa comprensi\u00f3n estar\u00e1 a\u00fan fallada si no tiene en cuenta la intermediaci\u00f3n de la metr\u00f3poli lusitana en ese proceso.<\/p>\n<p>Es por eso que Maria Elice dedica todo un cap\u00edtulo a ese tema, esclareciendo el papel de la Reforma Pombalina y del naturalista italiano Domingos Vandelli en la difusi\u00f3n de la nueva visi\u00f3n de la naturaleza suscitada por el paradigma lineano. Solo entonces, ella entra en el an\u00e1lisis de los trabajos de naturalistas brasile\u00f1os como Alexandre Rodrigues Ferreira y Manuel Arruda da C\u00e2mara, deteni\u00e9dose especialmente en la apreciaci\u00f3n de este \u00faltimo. All\u00ed aparece, con meridiana claridad, la figura de Arruda da C\u00e2mara como investigador de su tiempo, preocupado con los temas de la moda de la \u00e9poca, como la difusi\u00f3n de los jardines bot\u00e1nicos, la investigaci\u00f3n de la historia geogr\u00e1fica de las plantas y preocupado con al conservaci\u00f3n ambiental. En tanto, todo ese esfuerzo resulta pr\u00e1cticamente en casi nada en la tierra de Brasil, con su triste destino de ser una colonia supeditada a los designios desp\u00f3ticos de la metr\u00f3poli.<\/p>\n<p><strong>Shozo Motoyama<\/strong> es historiador, profesor de Historia de la Ciencia de USP.<\/p>\n","protected":false},"excerpt":{"rendered":"Los naturalistas en los tiempos del rey\r\n\r\n","protected":false},"author":280,"featured_media":0,"comment_status":"open","ping_status":"open","sticky":false,"template":"","format":"standard","meta":{"_acf_changed":false,"_exactmetrics_skip_tracking":false,"_exactmetrics_sitenote_active":false,"_exactmetrics_sitenote_note":"","_exactmetrics_sitenote_category":0,"footnotes":""},"categories":[190],"tags":[],"coauthors":[591],"class_list":["post-86644","post","type-post","status-publish","format-standard","hentry","category-resenas"],"acf":[],"_links":{"self":[{"href":"https:\/\/revistapesquisa.fapesp.br\/es\/wp-json\/wp\/v2\/posts\/86644","targetHints":{"allow":["GET"]}}],"collection":[{"href":"https:\/\/revistapesquisa.fapesp.br\/es\/wp-json\/wp\/v2\/posts"}],"about":[{"href":"https:\/\/revistapesquisa.fapesp.br\/es\/wp-json\/wp\/v2\/types\/post"}],"author":[{"embeddable":true,"href":"https:\/\/revistapesquisa.fapesp.br\/es\/wp-json\/wp\/v2\/users\/280"}],"replies":[{"embeddable":true,"href":"https:\/\/revistapesquisa.fapesp.br\/es\/wp-json\/wp\/v2\/comments?post=86644"}],"version-history":[{"count":0,"href":"https:\/\/revistapesquisa.fapesp.br\/es\/wp-json\/wp\/v2\/posts\/86644\/revisions"}],"wp:attachment":[{"href":"https:\/\/revistapesquisa.fapesp.br\/es\/wp-json\/wp\/v2\/media?parent=86644"}],"wp:term":[{"taxonomy":"category","embeddable":true,"href":"https:\/\/revistapesquisa.fapesp.br\/es\/wp-json\/wp\/v2\/categories?post=86644"},{"taxonomy":"post_tag","embeddable":true,"href":"https:\/\/revistapesquisa.fapesp.br\/es\/wp-json\/wp\/v2\/tags?post=86644"},{"taxonomy":"author","embeddable":true,"href":"https:\/\/revistapesquisa.fapesp.br\/es\/wp-json\/wp\/v2\/coauthors?post=86644"}],"curies":[{"name":"wp","href":"https:\/\/api.w.org\/{rel}","templated":true}]}}