{"id":86904,"date":"2008-10-01T00:00:07","date_gmt":"2008-10-01T03:00:07","guid":{"rendered":"http:\/\/revistapesquisa.fapesp.br\/?p=86904"},"modified":"2015-05-13T16:40:06","modified_gmt":"2015-05-13T19:40:06","slug":"trastornos-nocturnos","status":"publish","type":"post","link":"https:\/\/revistapesquisa.fapesp.br\/es\/trastornos-nocturnos\/","title":{"rendered":"Trastornos nocturnos"},"content":{"rendered":"<p>El art\u00edculo \u201cS\u00edntomas del s\u00edndrome de apnea-hipopnea obstructiva del sue\u00f1o\u00a0en ni\u00f1os\u201d investig\u00f3 los s\u00edntomas m\u00e1s frecuentes encontrados en ni\u00f1os con\u00a0diagn\u00f3stico polisonogr\u00e1fico de s\u00edndrome de la apnea-hipopnea obstructiva del\u00a0sue\u00f1o (Sahos). Los autores son Paloma Baiardi Gregorio y Francisco Hora,\u00a0del Instituto Cardiopulmonar, de Salvador, Rodrigo Abensur Athanazio, de\u00a0la Universidad Federal de S\u00e3o Paulo, Almir Galv\u00e3o Vieira Bitencourt, de la\u00a0Universidad Federal de Bah\u00eda, Fl\u00e1via Branco Cerqueira Serra Neves, de la\u00a0Escuela Bahiana de Medicina y Salud P\u00fablica, y Regina Terse, de la Fundaci\u00f3n\u00a0Bahiana para Desarrollo de las Ciencias. Se evaluaron 38 ni\u00f1os consecutivamente\u00a0derivados al laboratorio del sue\u00f1o con sospecha de Sahos en el per\u00edodo entre\u00a0junio de 2003 y diciembre de 2004. Los pacientes fueron sometidos a un\u00a0cuestionario pre sue\u00f1o y a la polisonograf\u00eda. La edad promedio fue de 7,8 \u00b1 4<br \/>\na\u00f1os (variaci\u00f3n, 2-15 a\u00f1os), siendo 50% de los ni\u00f1os del sexo masculino. Se\u00a0observ\u00f3 mayor frecuencia de casos severos de apnea entre ni\u00f1os menores de \u00a06 a\u00f1os (edad preescolar). Entre los ni\u00f1os con Sahos, los s\u00edntomas m\u00e1s citados\u00a0fueron ronquidos y obstrucci\u00f3n nasal, presentes en 74,3% y 72,7% de los ni\u00f1os,\u00a0respectivamente. Somnolencia excesiva y bruxismo ocurrieron en respectivamente\u00a0el 29,4% y el 34,3% de los casos y la enfermedad del reflujo en tan s\u00f3lo el 3,1%.\u00a0Agitaci\u00f3n de las piernas y dificultades para iniciar el sue\u00f1o fueron encontradas\u00a0en el 65% y el 33% de los evaluados respectivamente. Todos los ni\u00f1os que\u00a0presentaron Sahos de grado severo se quejaban de ronquidos y bruxismo. Los\u00a0autores demostraron que los s\u00edntomas m\u00e1s frecuentes en ni\u00f1os y adolescentes\u00a0con Sahos son ronquidos y obstrucci\u00f3n nasal. Asimismo, cuadros m\u00e1s graves de\u00a0Sahos se asocian a la menor franja etaria.<\/p>\n<p><em>Jornal Brasileiro de Pneumologia<\/em>\u00a0\u2013 v. 34 \u2013 n\u00ba 6 \u2013\u00a0 S\u00e3o Paulo \u2013 jun. 2008<\/p>\n","protected":false},"excerpt":{"rendered":"Trastornos nocturnos","protected":false},"author":6,"featured_media":0,"comment_status":"open","ping_status":"open","sticky":false,"template":"","format":"standard","meta":{"_acf_changed":false,"_exactmetrics_skip_tracking":false,"_exactmetrics_sitenote_active":false,"_exactmetrics_sitenote_note":"","_exactmetrics_sitenote_category":0,"footnotes":""},"categories":[342],"tags":[],"coauthors":[93],"class_list":["post-86904","post","type-post","status-publish","format-standard","hentry","category-scielo-es"],"acf":[],"_links":{"self":[{"href":"https:\/\/revistapesquisa.fapesp.br\/es\/wp-json\/wp\/v2\/posts\/86904","targetHints":{"allow":["GET"]}}],"collection":[{"href":"https:\/\/revistapesquisa.fapesp.br\/es\/wp-json\/wp\/v2\/posts"}],"about":[{"href":"https:\/\/revistapesquisa.fapesp.br\/es\/wp-json\/wp\/v2\/types\/post"}],"author":[{"embeddable":true,"href":"https:\/\/revistapesquisa.fapesp.br\/es\/wp-json\/wp\/v2\/users\/6"}],"replies":[{"embeddable":true,"href":"https:\/\/revistapesquisa.fapesp.br\/es\/wp-json\/wp\/v2\/comments?post=86904"}],"version-history":[{"count":0,"href":"https:\/\/revistapesquisa.fapesp.br\/es\/wp-json\/wp\/v2\/posts\/86904\/revisions"}],"wp:attachment":[{"href":"https:\/\/revistapesquisa.fapesp.br\/es\/wp-json\/wp\/v2\/media?parent=86904"}],"wp:term":[{"taxonomy":"category","embeddable":true,"href":"https:\/\/revistapesquisa.fapesp.br\/es\/wp-json\/wp\/v2\/categories?post=86904"},{"taxonomy":"post_tag","embeddable":true,"href":"https:\/\/revistapesquisa.fapesp.br\/es\/wp-json\/wp\/v2\/tags?post=86904"},{"taxonomy":"author","embeddable":true,"href":"https:\/\/revistapesquisa.fapesp.br\/es\/wp-json\/wp\/v2\/coauthors?post=86904"}],"curies":[{"name":"wp","href":"https:\/\/api.w.org\/{rel}","templated":true}]}}