{"id":88603,"date":"2005-06-01T00:00:05","date_gmt":"2005-06-01T03:00:05","guid":{"rendered":"http:\/\/revistapesquisa.fapesp.br\/?p=88603"},"modified":"2013-01-15T22:06:33","modified_gmt":"2013-01-16T00:06:33","slug":"mapas-orientan-las-decisiones-en-s%c3%a3o-paulo","status":"publish","type":"post","link":"https:\/\/revistapesquisa.fapesp.br\/es\/mapas-orientan-las-decisiones-en-s%c3%a3o-paulo\/","title":{"rendered":"Mapas orientan las decisiones en S\u00e3o Paulo"},"content":{"rendered":"<p>La publicaci\u00f3n en su versi\u00f3n impresa del <em>Invent\u00e1rio florestal da vegeta\u00e7\u00e3o natural do Estado de S\u00e3o Paulo<\/em>, a finales del mes de mayo, ha demostrado ya su utilidad. A pedido de la Secretar\u00eda de Medio Ambiente del Estado de S\u00e3o Paulo, el equipo del Instituto Forestal, responsable de este estudio, compar\u00f3 las \u00e1reas ocupadas por la vegetaci\u00f3n natural en 1988 y en 2000 a orillas de uno de los principales r\u00edos paulistas: el Mogi-Gua\u00e7u. Un an\u00e1lisis de 12 tramos del r\u00edo indic\u00f3 que el \u00e1rea con bosque es un 60% inferior al m\u00ednimo estipulado por ley. \u201cEl <em>Inventario<\/em> es un instrumento para el an\u00e1lisis y la toma de decisiones con miras a la conservaci\u00f3n de la vegetaci\u00f3n natural\u201d, dice Francisco Kronka, investigador del Instituto Forestal y coordinador del proyecto.<\/p>\n<p>Centenares de mapas y gr\u00e1ficos lo evidencian: pese al incremento con relaci\u00f3n al estudio anterior, el \u00e1rea cubierta por vegetaci\u00f3n natural es peque\u00f1a &#8211; equivale a un 13,9% de la superficie del estado &#8211; y est\u00e1 muy fragmentada. Los r\u00edos paulistas en general perdieron buena parte de los bosques ciliares, y corren riesgo de obstrucci\u00f3n, lo que no hace sino elevar a su vez el riesgo de que falte agua en las ciudades y en el campo. El <em>Invent\u00e1rio<\/em> ayud\u00f3 a identificar las \u00e1reas de reabastecimiento del acu\u00edfero Guaran\u00ed que est\u00e1n recibiendo fertilizantes agr\u00edcolas o con bosque escaso en la localidad de Ribeir\u00e3o Preto. \u201cEs muy importante evitar que estas \u00e1reas de captaci\u00f3n de agua se ocupen desordenadamente\u201d, dice Jo\u00e3o R\u00e9gis Guillaumon, investigador del Instituto Forestal y uno de los autores de las propuestas de protecci\u00f3n para las \u00e1reas de reabastecimiento del acu\u00edfero. Marco Aur\u00e9lio Nalon, integrante del equipo del instituto, descubri\u00f3 vali\u00e9ndose de fotograf\u00edas a\u00e9reas de 2001 e im\u00e1genes del sat\u00e9lite CBERS de 2004 que en ese per\u00edodo hab\u00eda desaparecido un tramo de una hect\u00e1rea (10 mil metros cuadrados) antes cubierto de Bosque Atl\u00e1ntico, en Bertioga, en la costa paulista.<\/p>\n","protected":false},"excerpt":{"rendered":"Mapas orientan las decisiones en S\u00e3o Paulo","protected":false},"author":6,"featured_media":0,"comment_status":"closed","ping_status":"closed","sticky":false,"template":"","format":"standard","meta":{"_acf_changed":false,"_exactmetrics_skip_tracking":false,"_exactmetrics_sitenote_active":false,"_exactmetrics_sitenote_note":"","_exactmetrics_sitenote_category":0,"footnotes":""},"categories":[191],"tags":[],"coauthors":[93],"class_list":["post-88603","post","type-post","status-publish","format-standard","hentry","category-tecnociencia-es-es"],"acf":[],"_links":{"self":[{"href":"https:\/\/revistapesquisa.fapesp.br\/es\/wp-json\/wp\/v2\/posts\/88603","targetHints":{"allow":["GET"]}}],"collection":[{"href":"https:\/\/revistapesquisa.fapesp.br\/es\/wp-json\/wp\/v2\/posts"}],"about":[{"href":"https:\/\/revistapesquisa.fapesp.br\/es\/wp-json\/wp\/v2\/types\/post"}],"author":[{"embeddable":true,"href":"https:\/\/revistapesquisa.fapesp.br\/es\/wp-json\/wp\/v2\/users\/6"}],"replies":[{"embeddable":true,"href":"https:\/\/revistapesquisa.fapesp.br\/es\/wp-json\/wp\/v2\/comments?post=88603"}],"version-history":[{"count":0,"href":"https:\/\/revistapesquisa.fapesp.br\/es\/wp-json\/wp\/v2\/posts\/88603\/revisions"}],"wp:attachment":[{"href":"https:\/\/revistapesquisa.fapesp.br\/es\/wp-json\/wp\/v2\/media?parent=88603"}],"wp:term":[{"taxonomy":"category","embeddable":true,"href":"https:\/\/revistapesquisa.fapesp.br\/es\/wp-json\/wp\/v2\/categories?post=88603"},{"taxonomy":"post_tag","embeddable":true,"href":"https:\/\/revistapesquisa.fapesp.br\/es\/wp-json\/wp\/v2\/tags?post=88603"},{"taxonomy":"author","embeddable":true,"href":"https:\/\/revistapesquisa.fapesp.br\/es\/wp-json\/wp\/v2\/coauthors?post=88603"}],"curies":[{"name":"wp","href":"https:\/\/api.w.org\/{rel}","templated":true}]}}