{"id":89040,"date":"2009-12-01T10:30:00","date_gmt":"2009-12-01T12:30:00","guid":{"rendered":"http:\/\/revistapesquisa.fapesp.br\/2009\/12\/01\/el-futuro-en-debate\/"},"modified":"2017-01-31T13:42:26","modified_gmt":"2017-01-31T15:42:26","slug":"el-futuro-en-debate","status":"publish","type":"post","link":"https:\/\/revistapesquisa.fapesp.br\/es\/el-futuro-en-debate\/","title":{"rendered":"El futuro en debate"},"content":{"rendered":"<p><img loading=\"lazy\" decoding=\"async\" class=\"alignright size-full wp-image-101248\" title=\"\" src=\"http:\/\/revistapesquisa.fapesp.br\/wp-content\/uploads\/2009\/12\/art4006img1-300x1952.jpg\" alt=\"\" width=\"300\" height=\"195\" srcset=\"https:\/\/revistapesquisa.fapesp.br\/wp-content\/uploads\/2009\/12\/art4006img1-300x1952.jpg 300w, https:\/\/revistapesquisa.fapesp.br\/wp-content\/uploads\/2009\/12\/art4006img1-300x1952-120x78.jpg 120w, https:\/\/revistapesquisa.fapesp.br\/wp-content\/uploads\/2009\/12\/art4006img1-300x1952-250x163.jpg 250w\" sizes=\"auto, (max-width: 300px) 100vw, 300px\" \/>Entre los d\u00edas 24 y 28 de mayo de 2010, expertos, autoridades y miembros de la comunidad cient\u00edfica estar\u00e1n en Brasilia discutiendo rumbos y directrices para la pol\u00edtica de ciencia, tecnolog\u00eda e innovaci\u00f3n del pa\u00eds durante los pr\u00f3ximos a\u00f1os. La 4\u00b0 Conferencia Nacional de Ciencia, Tecnolog\u00eda e Innovaci\u00f3n tendr\u00e1 como lema los desaf\u00edos para integrar la ciencia al desarrollo sostenible. El evento fue convocado en noviembre por el ministro de Ciencia y Tecnolog\u00eda, Sergio Machado Rezende, quien puso de relieve la importancia de establecer estrategias de largo plazo. &#8220;Esta conferencia llega en un momento oportuno pues hace 10 a\u00f1os que se ampliaron los recursos para ciencia y tecnolog\u00eda&#8221;, dijo Rezende, quien destac\u00f3 la relevancia de iniciativas tomadas durante la d\u00e9cada pasada, tales como la creaci\u00f3n de los fondos sectoriales. &#8220;Debemos evaluar nuestros avances y a su vez proponer un nuevo plan. Qui\u00e9n sabe, hasta una pol\u00edtica de Estado a cargo de los futuros gobiernos hasta 2020&#8221;, destac\u00f3.<\/p>\n<p>La primera edici\u00f3n de la conferencia, realizada en 1985, debati\u00f3 los desaf\u00edos para el desarrollo del pa\u00eds, con relevancia para \u00e1reas estrat\u00e9gicas tales como inform\u00e1tica, biotecnolog\u00eda y qu\u00edmica fina, adem\u00e1s de una pol\u00edtica de formaci\u00f3n de recursos humanos. La segunda, convocada en 2001, tuvo como lema la innovaci\u00f3n y estuvo signada por el debate de los fondos sectoriales. El tema de la tercera conferencia, realizada en 2005, fue el desarrollo econ\u00f3mico, y abord\u00f3 los temas del Plan de acci\u00f3n de Ciencia, Tecnolog\u00eda e Innovaci\u00f3n para el per\u00edodo de 2007 a 2010. Ahora la palabra clave es el desarrollo sostenible, con \u00e9nfasis en la utilizaci\u00f3n de la biodiversidad y los cambios clim\u00e1ticos. &#8220;Entre los miembros de los Bric [Brasil, Rusia, la India y China], somos la \u00fanica naci\u00f3n en\u00a0 reales condiciones de crecer de acuerdo con los c\u00e1nones del desarrollo sostenible&#8221;, dice el f\u00edsico Carlos Arag\u00e3o, secretario general de la conferencia. &#8220;Queremos llegar al final de la conferencia con\u00a0 aportes para que haya una pol\u00edtica de Estado que otorgue tranquilidad a quienes act\u00faan en el \u00e1rea de ciencia, tecnolog\u00eda e innovaci\u00f3n, y que muestre la importancia del sector en las discusiones referentes al desarrollo sostenible&#8221;, afirm\u00f3 Arag\u00e3o.<\/p>\n<p><strong>Sugerencias<br \/>\n<\/strong>En el evento tambi\u00e9n se debatir\u00e1n otros temas focales, tales como la innovaci\u00f3n, la importancia de la educaci\u00f3n y el nuevo rol de Brasil en el escenario internacional. La Conferencia Nacional ir\u00e1 precedida de conferencias regionales, que se realizar\u00e1n entre los meses de marzo y abril en Vit\u00f3ria (regi\u00f3n sudeste), Porto Alegre (sur), Cuiab\u00e1 (centro-oeste), Bel\u00e9m (norte) y Macei\u00f3 (nordeste). Simult\u00e1neamente, est\u00e1 discuti\u00e9ndose la estructura del evento nacional, como as\u00ed tambi\u00e9n los t\u00f3picos de las grandes plenarias. &#8220;Estamos recibiendo sugerencias bastante pertinentes, como por ejemplo la inclusi\u00f3n de la importancia de la ciencia b\u00e1sica entre los temas&#8221;, dice Arag\u00e3o, en referencia a una sugerencia que realiz\u00f3 el director cient\u00edfico de la FAPESP, Carlos Henrique de Brito Cruz, quien fue invitado a participar del consejo consultivo de la conferencia.<\/p>\n<p>En la evaluaci\u00f3n de Brito Cruz, es necesario incentivar a\u00fan m\u00e1s la ciencia b\u00e1sica, al tiempo que se crea la cultura de innovaci\u00f3n en las empresas. &#8220;No deben ser objetivos mutuamente excluyentes, sino complementarios&#8221;, afirm\u00f3. &#8220;Los avances del conocimiento en la literatura, en las artes, en las humanidades, en la filosof\u00eda, en la f\u00edsica del origen del Universo, en la qu\u00edmica fundamental, en la teor\u00eda de la evoluci\u00f3n, en el \u00e1rea de part\u00edculas elementales y otras \u00e1reas son temas que intrigan y desaf\u00edan a la humanidad desde hace siglos, y saber m\u00e1s sobre ellos es un requisito esencial para participar m\u00e1s en el mundo como sujetos, no solamente como espectadores&#8221;. Brito tambi\u00e9n sostuvo que los actores implicados hasta ahora en la conferencia est\u00e1n vinculados en mayor medida al gobierno federal, y resalt\u00f3 la importancia de convocar un espectro a\u00fan m\u00e1s amplio de voces a la discusi\u00f3n, para que la conferencia sea nacional y no \u00fanicamente federal. &#8220;El Consejo de Rectores de las Universidades Estaduales Paulistas debe ser incluido entre los organizadores, ya que sus instituciones responden por una elevada proporci\u00f3n de la ciencia y del posgrado en el pa\u00eds.&#8221;<\/p>\n","protected":false},"excerpt":{"rendered":"4\u00aa Conferencia Nacional de Ciencia, Tecnolog\u00eda e Innovaci\u00f3n\r\n","protected":false},"author":11,"featured_media":0,"comment_status":"closed","ping_status":"closed","sticky":false,"template":"","format":"standard","meta":{"_acf_changed":false,"_exactmetrics_skip_tracking":false,"_exactmetrics_sitenote_active":false,"_exactmetrics_sitenote_note":"","_exactmetrics_sitenote_category":0,"footnotes":""},"categories":[189],"tags":[312],"coauthors":[98],"class_list":["post-89040","post","type-post","status-publish","format-standard","hentry","category-politica-ct","tag-innovacion"],"acf":[],"_links":{"self":[{"href":"https:\/\/revistapesquisa.fapesp.br\/es\/wp-json\/wp\/v2\/posts\/89040","targetHints":{"allow":["GET"]}}],"collection":[{"href":"https:\/\/revistapesquisa.fapesp.br\/es\/wp-json\/wp\/v2\/posts"}],"about":[{"href":"https:\/\/revistapesquisa.fapesp.br\/es\/wp-json\/wp\/v2\/types\/post"}],"author":[{"embeddable":true,"href":"https:\/\/revistapesquisa.fapesp.br\/es\/wp-json\/wp\/v2\/users\/11"}],"replies":[{"embeddable":true,"href":"https:\/\/revistapesquisa.fapesp.br\/es\/wp-json\/wp\/v2\/comments?post=89040"}],"version-history":[{"count":0,"href":"https:\/\/revistapesquisa.fapesp.br\/es\/wp-json\/wp\/v2\/posts\/89040\/revisions"}],"wp:attachment":[{"href":"https:\/\/revistapesquisa.fapesp.br\/es\/wp-json\/wp\/v2\/media?parent=89040"}],"wp:term":[{"taxonomy":"category","embeddable":true,"href":"https:\/\/revistapesquisa.fapesp.br\/es\/wp-json\/wp\/v2\/categories?post=89040"},{"taxonomy":"post_tag","embeddable":true,"href":"https:\/\/revistapesquisa.fapesp.br\/es\/wp-json\/wp\/v2\/tags?post=89040"},{"taxonomy":"author","embeddable":true,"href":"https:\/\/revistapesquisa.fapesp.br\/es\/wp-json\/wp\/v2\/coauthors?post=89040"}],"curies":[{"name":"wp","href":"https:\/\/api.w.org\/{rel}","templated":true}]}}