{"id":89113,"date":"2011-02-01T00:00:00","date_gmt":"2011-02-01T00:00:00","guid":{"rendered":"http:\/\/revistapesquisa.fapesp.br\/2011\/02\/01\/un-refuerzo-para-la-politica-de-ct\/"},"modified":"2015-01-19T11:32:55","modified_gmt":"2015-01-19T13:32:55","slug":"un-refuerzo-para-la-politica-de-ct","status":"publish","type":"post","link":"https:\/\/revistapesquisa.fapesp.br\/es\/un-refuerzo-para-la-politica-de-ct\/","title":{"rendered":"Un refuerzo para la pol\u00edtica de C&#038;T"},"content":{"rendered":"<p><img loading=\"lazy\" decoding=\"async\" class=\"alignright size-full wp-image-104162\" title=\"\" src=\"http:\/\/revistapesquisa.fapesp.br\/wp-content\/uploads\/2011\/02\/art4059img1.jpg\" alt=\"\" width=\"290\" height=\"263\" srcset=\"https:\/\/revistapesquisa.fapesp.br\/wp-content\/uploads\/2011\/02\/art4059img1.jpg 290w, https:\/\/revistapesquisa.fapesp.br\/wp-content\/uploads\/2011\/02\/art4059img1-120x109.jpg 120w, https:\/\/revistapesquisa.fapesp.br\/wp-content\/uploads\/2011\/02\/art4059img1-250x227.jpg 250w\" sizes=\"auto, (max-width: 290px) 100vw, 290px\" \/><span class=\"media-credits-inline\">ELIZABETH LEE\/ESTA\u00c7\u00c3O CI\u00caNCIA<\/span>Cargo vitalicio en la Universidad de Texas, familia adaptada a la vida en Austin, prestigio cient\u00edfico en el exterior. Aun as\u00ed, en 1975, Crodowaldo Pavan decidi\u00f3 regresar a S\u00e3o Paulo, al cabo de siete a\u00f1os en Estados Unidos. &#8220;Analic\u00e9 la situaci\u00f3n y cre\u00ed que podr\u00eda hacer m\u00e1s por Brasil estando ac\u00e1 que all\u00e1&#8221;, dijo posteriormente. El genetista retom\u00f3 el trabajo en la Universidad de S\u00e3o Paulo (USP), pero ampli\u00f3 considerablemente su espacio de actuaci\u00f3n al ahondar en cuestiones de pol\u00edtica cient\u00edfica y tecnol\u00f3gica como nunca antes lo hab\u00eda hecho.<\/p>\n<p>&#8220;Desde el punto de vista meramente institucional, Pavan tuvo una participaci\u00f3n peque\u00f1a hasta mediados de los a\u00f1os 1970, aunque haya integrado el primer Consejo Superior de la\u00a0 FAPESP, de 1961 a 1963&#8221;, explica el f\u00edsico e historiador Shozo Motoyama, del Centro Interunidad de Historia de la Ciencia de la USP. Un poco antes del regreso a Brasil, particip\u00f3 en la fundaci\u00f3n de la Academia de Ciencias del Estado de S\u00e3o Paulo con\u00a0 S\u00e9rgio Mascarenhas, Oscar Sala y Shigueo Watanabe, entre otros cient\u00edficos, en 1974. En el regreso a S\u00e3o Paulo, en 1975, encontr\u00f3 al pa\u00eds todav\u00eda bajo el gobierno militar y a la universidad en busca de libertad de expresi\u00f3n y de reivindicaci\u00f3n.<\/p>\n<p>De sus charlas con el f\u00edsico Alberto Luiz da Rocha Barros y con el soci\u00f3logo Jos\u00e9 Jeremias de Oliveira Hijo, surgi\u00f3 la Asociaci\u00f3n de Docentes de la USP (Adusp), en 1976, recreando de cierta forma la Asociaci\u00f3n de Auxiliares de Ense\u00f1anza que, aunque todav\u00eda exist\u00eda en el papel, hab\u00eda dejado de actuar debido a las presiones del r\u00e9gimen. &#8220;Esos tres formaron el n\u00facleo inicial al cual se juntaron otros profesores influyentes, como Sim\u00e3o Mathias y Antonio Candido&#8221;, comenta. Para Motoyama, una de las caracter\u00edsticas de Pavan era la audacia. &#8220;Nunca tuvo miedo de platear y hacer lo que consideraba correcto, aun cuando las dificultades pareciesen demasiado grandes, como era el caso en los a\u00f1os 1970.&#8221;<\/p>\n<p>Durante 10 a\u00f1os, de 1975 a 1985, Pavan coordin\u00f3 el Programa Integrado de Gen\u00e9tica, que contaba con el apoyo del Consejo Nacional de Desarrollo Cient\u00edfico y Tecnol\u00f3gico (CNPq). La finalidad del mismo era ampliar el apoyo econ\u00f3mico a la investigaci\u00f3n cient\u00edfica y discutir las prioridades y las \u00e1reas que ser\u00edan exploradas en gen\u00e9tica en Brasil. &#8220;Se trataba de un programa integrado en el cual se discut\u00eda qu\u00e9 estaba haci\u00e9ndose, qu\u00e9 se hab\u00eda hecho y qu\u00e9 deber\u00eda hacerse&#8221;, coment\u00f3 en un testimonio para el libro <em>50 anos do CNPq contados pelos seus presidentes.<br \/>\n<\/em><br \/>\nDe 1981 a 1984, el genetista fue director presidente del consejo t\u00e9cnico administrativo de la FAPESP y tuvo una participaci\u00f3n importante en la recuperaci\u00f3n econ\u00f3mica de la\u00a0 Fundaci\u00f3n, debilitada por el atraso en el giro gubernamental de fondos, que a su vez eran corro\u00eddos por la alta inflaci\u00f3n. En ese mismo per\u00edodo, durante tres mandatos, de 1981 a 1986, presidi\u00f3 la Sociedad Brasile\u00f1a para el Progreso de la Ciencia (SBPC). Pavan supo utilizar ambos cargos en instituciones importantes que ocupaba simult\u00e1neamente, y su reconocida capacidad de movilizaci\u00f3n entre los docentes de las tres universidades p\u00fablicas paulistas e investigadores de los institutos de investigaci\u00f3n del estado de S\u00e3o Paulo, para organizar el simposio &#8220;Crisis, universidad e investigaci\u00f3n&#8221; en la Asamblea Legislativa. Como resultado de la presi\u00f3n pol\u00edtica, el entonces diputado Fernando Le\u00e7a planteo un proyecto de enmienda que obligaba al gobierno a hacer giros duod\u00e9cimos (mensualmente) durante el mismo a\u00f1o de la recaudaci\u00f3n. Antes, el pago se efectuaba en cuatro cuotas anuales, y se hac\u00eda efectivo con alrededor de dos a\u00f1os de atraso. La Enmienda Le\u00e7a termin\u00f3 siendo aprobada en 1983. &#8220;El liderazgo de Pavan fue importante en este episodio&#8221;, recuerda Motoyama.<\/p>\n<p>El genetista se encontraba en su tercer mandato en la presidencia de la SBPC cuando Renato Archer, el primer ministro del reci\u00e9n creado Ministerio de Ciencia y Tecnolog\u00eda (MCT), lo invit\u00f3 a asumir la presidencia del CNPq, en 1986. Pavan dej\u00f3 la SBPC y durante cinco a\u00f1os estuvo al frente de la principal agencia de fomento de la investigaci\u00f3n cient\u00edfica en Brasil. &#8220;Anteriormente, fue un importante impulsor de la creaci\u00f3n del MCT&#8221;, atestigua el presidente de la FAPESP, Celso Lafer.<\/p>\n<p>En el CNPq, Pavan apunt\u00f3 a recuperar el valor de los fondos destinados becas e investigaciones, actuando no solamente en el \u00e1mbito del gobierno, sino sumando apoyos en el Congreso Nacional. &#8220;Cont\u00e1bamos con Ulysses Guimar\u00e3es \u2013pr\u00e1cticamente el &#8216;due\u00f1o&#8217; del Congreso\u2013 que nos ayudaba ante los l\u00edderes partidarios para que nuestras propuestas fuesen aceptadas&#8221;, dijo en una entrevista. Pavan se enorgullec\u00eda de haber concedido m\u00e1s becas en el pa\u00eds durante los tres primeros a\u00f1os al frente del CNPq que en los 30 a\u00f1os anteriores. Cuando empez\u00f3 su gesti\u00f3n, eran alrededor de 13 mil becas por a\u00f1o; cuando sali\u00f3, la concesi\u00f3n anual era de 44.110 becas, estipulada por ley. La agencia federal logr\u00f3 tambi\u00e9n aumentar el valor de las mismas al vincularlas al salario docente de las universidades federales. Un doctorando ganaba el 70% del sueldo del profesor asistente doctor, por ejemplo.<\/p>\n<p><strong>Consolidaci\u00f3n<br \/>\n<\/strong>Durante la Asamblea Constituyente, en 1988, el CNPq convoc\u00f3 a los investigadores a elaborar propuestas. Por cada cuesti\u00f3n que se pretend\u00eda insertar en la Carta Magna en lo relativo a ciencia y tecnolog\u00eda hab\u00eda un gran trabajo de preparaci\u00f3n de textos y de convicci\u00f3n personal de los diputados constituyentes. &#8220;Las discusiones m\u00e1s importantes se refer\u00edan a la universidad, al espacio de la investigaci\u00f3n en los territorios (como en los casos del subsuelo y en la Amazonia) y a las relaciones entre la producci\u00f3n cient\u00edfica y la propiedad intelectual&#8221;, comenta Luiz Curi, jefe de gabinete adjunto y posteriormente asesor especial de la presidencia del CNPq en la \u00e9poca de Pavan. Una vez que se aprob\u00f3 la Constituci\u00f3n, comenz\u00f3 otro trabajo: mantener la atenci\u00f3n y la presi\u00f3n en el momento de la definici\u00f3n de las enmiendas presupuestarias, no solamente para evitar que la investigaci\u00f3n cient\u00edfica perdiera fondos, sino tambi\u00e9n para garantizar el dinero para otros proyectos.<\/p>\n<p>&#8220;Pavan consolid\u00f3 la pol\u00edtica de ciencia y tecnolog\u00eda en Brasil&#8221;, dice Curi. Seg\u00fan \u00e9l, tambi\u00e9n dio mucha atenci\u00f3n a las pol\u00edticas estrat\u00e9gicas de C&amp;T, abriendo espacio para las discusiones sobre cuestiones relativas a la innovaci\u00f3n, como por ejemplo en las \u00e1reas de nuevos materiales, qu\u00edmica fina e inform\u00e1tica, y a la necesidad de investigaci\u00f3n en f\u00e1rmacos. &#8220;No fue que \u00e9l hizo todo eso, pero s\u00ed actu\u00f3 en estos temas, que se relacionaban con la innovaci\u00f3n&#8221;, aclara. &#8220;Con Pavan, la pol\u00edtica como marco de una acci\u00f3n de Estado se profundiz\u00f3.&#8221;<\/p>\n<p>Durante los cinco a\u00f1os que permaneci\u00f3 en el CNPq, Pavan convivi\u00f3 con cinco ministros de Ciencia y Tecnolog\u00eda distintos y con cambios en el status de la autarqu\u00eda: el MCT se convirti\u00f3 en secretar\u00eda especial durante un per\u00edodo y despu\u00e9s volvi\u00f3 a ser ministerio. &#8220;Ten\u00eda una gran representatividad en el seno de la comunidad cient\u00edfica brasile\u00f1a, visibilidad internacional y una agenda muy positiva para C&amp;T, con resultados concretos&#8221;, dice Luiz Curi. &#8220;Era muy dif\u00edcil sacarlo del cargo, pese a que al ministro no le agradaba.&#8221;<\/p>\n<p>Otras dos iniciativas ayudaron a marcar la gesti\u00f3n en ese per\u00edodo, ambas concretadas en 1987. Una de ellas fue la creaci\u00f3n del Laboratorio Nacional de Luz Sincrotr\u00f3n (LNLS), instalado en Campinas, para investigar nuevas propiedades f\u00edsicas, qu\u00edmicas y biol\u00f3gicas existentes en \u00e1tomos y mol\u00e9culas. Es el \u00fanico del g\u00e9nero existente en Am\u00e9rica Latina y el primero que se instal\u00f3 en el Hemisferio Sur.<\/p>\n<p>La segunda fue el desarrollo de un centro de ciencias para la juventud, como ven\u00eda haci\u00e9ndose en varios otros pa\u00edses en la \u00e9poca, bautizado Estaci\u00f3n Ciencia. &#8220;El profesor Pavan me llam\u00f3 para coordinar el proyecto y me pidi\u00f3 que consultara a cient\u00edficos de todo Brasil con el objetivo de buscar ideas y la concordancia de la comunidad cient\u00edfica&#8221;, comenta la profesora de historia Nely Robles Reis Bacellar, primera directora de la\u00a0 Estaci\u00f3n Ciencia. El CNPq logr\u00f3 que el gobierno de S\u00e3o Paulo cediera unos galpones ubicados en el barrio de Lapa, declarados patrimonio por el Consejo de Defensa del Patrimonio Hist\u00f3rico, Arqueol\u00f3gico, Art\u00edstico y Tur\u00edstico (Condephaat) y comenz\u00f3 los trabajos de arquitectura y museolog\u00eda para adecuar el local a un centro de ciencia sin quitarles sus caracter\u00edsticas a los edificios. &#8220;A Pavan le pareci\u00f3 excelente la ubicaci\u00f3n porque estaba cerca de la terminal de \u00f3mnibus, trenes y subtes, y facilitaba las visitas de los estudiantes, coso que efectivamente ocurri\u00f3&#8221;, cuenta.<\/p>\n<p>Cuando el gobierno de Jos\u00e9 Sarney termin\u00f3, en 1990, Pavan sali\u00f3 del CNPqk, y Nely de la Estaci\u00f3n Ciencia. La USP negoci\u00f3 con la agencia federal para hacerse cargo del centro y dio continuidad a los programas de popularizaci\u00f3n de la ciencia para los j\u00f3venes. El generoso espacio siempre fue bien aprovechado en el montaje de exposiciones y\u00a0 eventos, y las nuevas tecnolog\u00edas se utilizaron para hacer m\u00e1s atractivo el aprendizaje cient\u00edfico entre los j\u00f3venes. La actual directora, Roseli de Deus Lopes, asumi\u00f3 en 2008 y dio inicio a un proyecto de rescate de la memoria del centro, de manera tal de dotar de visibilidad a esa historia. &#8220;Los registros est\u00e1n todos ac\u00e1, pero sent\u00ed que faltaba un libro, de testimonios grabados en video y de exposiciones sobre lo que se ha hecho hasta ahora&#8221;, dice. Actualmente visitan el local m\u00e1s de 400 mil personas por a\u00f1o, entre estudiantes y p\u00fablico en general. &#8220;Es importante que estas personas puedan saber qui\u00e9n fue y qu\u00e9 hizo Crodowaldo Pavan, y cu\u00e1les son los frutos de un centro de divulgaci\u00f3n cient\u00edfica como \u00e9ste.&#8221;<\/p>\n<p><strong>Nuevos proyectos<br \/>\n<\/strong>El 24 de junio del a\u00f1o pasado, por ocasi\u00f3n del 22\u00b0 aniversario de la Estaci\u00f3n y dos meses despu\u00e9s de la muerte de Pavan, se le rindi\u00f3 un homenaje y se inaugur\u00f3 la obra La mosca del profesor Pavan, del artista pl\u00e1stico Jos\u00e9 Roberto Aguilar. Este a\u00f1o est\u00e1n previstos un seminario y otros proyectos sobre la memoria del centro, que cuentan con la colaboraci\u00f3n de los ex directores Ernest Hamburger y Wilson Teixeira, Saulo de Barros, y del actual vicedirector Mikiya Muramatsu, adem\u00e1s de Nely, quien ya don\u00f3 material y brind\u00f3 su testimonio sobre el inicio del proyecto y la iniciativa de Pavan.<\/p>\n<p>En las d\u00e9cadas de 1990 y 2000, fuera del gobierno, el genetista prosigui\u00f3 con sus investigaciones en gen\u00e9tica \u2013que nunca abandon\u00f3\u2013, pero su actuaci\u00f3n institucional y\u00a0 pol\u00edtica se volc\u00f3 m\u00e1s a la divulgaci\u00f3n cient\u00edfica y a la popularizaci\u00f3n de la ciencia. En 2001 ayud\u00f3 a fundar la Asociaci\u00f3n Brasile\u00f1a de Divulgaci\u00f3n Cient\u00edfica (Abradic) como resultado de su trabajo en el N\u00facleo Jos\u00e9 Reis de Divulgaci\u00f3n Cient\u00edfica de la Escuela de Comunicaci\u00f3n y Artes de la\u00a0 USP, del cual fuera uno de los coordinadores.<\/p>\n","protected":false},"excerpt":{"rendered":"Pavan actu\u00f3 en diversos frentes en defensa de la investigaci\u00f3n nacional","protected":false},"author":15,"featured_media":0,"comment_status":"closed","ping_status":"closed","sticky":false,"template":"","format":"standard","meta":{"_acf_changed":false,"_exactmetrics_skip_tracking":false,"_exactmetrics_sitenote_active":false,"_exactmetrics_sitenote_note":"","_exactmetrics_sitenote_category":0,"footnotes":""},"categories":[401],"tags":[],"coauthors":[104],"class_list":["post-89113","post","type-post","status-publish","format-standard","hentry","category-especial-es"],"acf":[],"_links":{"self":[{"href":"https:\/\/revistapesquisa.fapesp.br\/es\/wp-json\/wp\/v2\/posts\/89113","targetHints":{"allow":["GET"]}}],"collection":[{"href":"https:\/\/revistapesquisa.fapesp.br\/es\/wp-json\/wp\/v2\/posts"}],"about":[{"href":"https:\/\/revistapesquisa.fapesp.br\/es\/wp-json\/wp\/v2\/types\/post"}],"author":[{"embeddable":true,"href":"https:\/\/revistapesquisa.fapesp.br\/es\/wp-json\/wp\/v2\/users\/15"}],"replies":[{"embeddable":true,"href":"https:\/\/revistapesquisa.fapesp.br\/es\/wp-json\/wp\/v2\/comments?post=89113"}],"version-history":[{"count":0,"href":"https:\/\/revistapesquisa.fapesp.br\/es\/wp-json\/wp\/v2\/posts\/89113\/revisions"}],"wp:attachment":[{"href":"https:\/\/revistapesquisa.fapesp.br\/es\/wp-json\/wp\/v2\/media?parent=89113"}],"wp:term":[{"taxonomy":"category","embeddable":true,"href":"https:\/\/revistapesquisa.fapesp.br\/es\/wp-json\/wp\/v2\/categories?post=89113"},{"taxonomy":"post_tag","embeddable":true,"href":"https:\/\/revistapesquisa.fapesp.br\/es\/wp-json\/wp\/v2\/tags?post=89113"},{"taxonomy":"author","embeddable":true,"href":"https:\/\/revistapesquisa.fapesp.br\/es\/wp-json\/wp\/v2\/coauthors?post=89113"}],"curies":[{"name":"wp","href":"https:\/\/api.w.org\/{rel}","templated":true}]}}