{"id":90028,"date":"2010-10-01T00:00:00","date_gmt":"2010-10-01T00:00:00","guid":{"rendered":"http:\/\/revistapesquisa.fapesp.br\/2010\/10\/01\/respuestas-al-tiempo\/"},"modified":"2017-02-10T19:41:41","modified_gmt":"2017-02-10T21:41:41","slug":"respuestas-al-tiempo","status":"publish","type":"post","link":"https:\/\/revistapesquisa.fapesp.br\/es\/respuestas-al-tiempo\/","title":{"rendered":"Respuestas al tiempo"},"content":{"rendered":"<div id=\"attachment_102665\" style=\"max-width: 590px\" class=\"wp-caption alignright\"><img decoding=\"async\" class=\" wp-image-102665\" title=\"art4247img1\" src=\"http:\/\/revistapesquisa.fapesp.br\/wp-content\/uploads\/2010\/10\/art4247img11.jpg\" alt=\"\" width=\"580\" srcset=\"https:\/\/revistapesquisa.fapesp.br\/wp-content\/uploads\/2010\/10\/art4247img11.jpg 620w, https:\/\/revistapesquisa.fapesp.br\/wp-content\/uploads\/2010\/10\/art4247img11-120x54.jpg 120w, https:\/\/revistapesquisa.fapesp.br\/wp-content\/uploads\/2010\/10\/art4247img11-250x113.jpg 250w\" sizes=\"(max-width: 620px) 100vw, 620px\" \/><p class=\"wp-caption-text\"><span class=\"media-credits-inline\">ACERVO FAM\u00cdLIA MUSATTI<\/span>El Hospital de Aislamiento en 1902<span class=\"media-credits\">ACERVO FAM\u00cdLIA MUSATTI<\/span><\/p><\/div>\n<p>Un lugar yermo, en uno de los puntos m\u00e1s altos de la capital paulista, fue el elegido por el Concejo Deliberante para aislar a los pacientes acometidos por la viruela durante la segunda mitad del siglo XIX. Ese sitio reun\u00eda diversas ventajas, seg\u00fan la visi\u00f3n de la \u00e9poca: quedaba cerca del cementerio y estaba alejado del centro, hab\u00eda pocas residencias en las inmediaciones y los vientos no sol\u00edan soplar all\u00ed en direcci\u00f3n a la ciudad, que en ese entonces contaba con poco m\u00e1s de 40 mil habitantes. En 1880 se inaugur\u00f3 el Lazareto de Virolentos al lado del camino conocido como Estrada dos Pinheiros (actual avenida Rebou\u00e7as), que se transform\u00f3 en el Hospital de Aislamiento ocho a\u00f1os despu\u00e9s, en el Hospital Em\u00edlio Ribas en 1932 y en el Instituto de Infectolog\u00eda Em\u00edlio Ribas en 1991. \u201cEs una de las instituciones precursoras de S\u00e3o Paulo como metr\u00f3polis moderna, uno de los pilares de una ciudad en formaci\u00f3n\u201d, dice la investigadora Monica Musatti Crytrynowicz, coautora junto a Roney Crytrynowicz y Ananda St\u00fccker del flamante libro <em>Do Lazareto dos Variolosos ao Instituto de Infectologia Em\u00edlio Ribas &#8211; 130 anos de hist\u00f3ria da sa\u00fade p\u00fablica no Brasil<\/em> (de editorial Narrativa Um y la Gobernaci\u00f3n del Estado de S\u00e3o Paulo, 192 p\u00e1ginas).<\/p>\n<div id=\"attachment_102666\" style=\"max-width: 136px\" class=\"wp-caption alignleft\"><img loading=\"lazy\" decoding=\"async\" class=\" wp-image-102666\" title=\"Memoria_Emilio_Ribas\" src=\"http:\/\/revistapesquisa.fapesp.br\/wp-content\/uploads\/2010\/10\/Memoria_Emilio_Ribas1.jpg\" alt=\"\" width=\"126\" height=\"175\" srcset=\"https:\/\/revistapesquisa.fapesp.br\/wp-content\/uploads\/2010\/10\/Memoria_Emilio_Ribas1.jpg 126w, https:\/\/revistapesquisa.fapesp.br\/wp-content\/uploads\/2010\/10\/Memoria_Emilio_Ribas1-120x167.jpg 120w\" sizes=\"auto, (max-width: 126px) 100vw, 126px\" \/><p class=\"wp-caption-text\"><span class=\"media-credits-inline\">MUSEU DE SA\u00daDE P\u00daBLICA EM\u00cdLIO RIBAS (MUSPER)<\/span>Em\u00edlio Ribas<span class=\"media-credits\">MUSEU DE SA\u00daDE P\u00daBLICA EM\u00cdLIO RIBAS (MUSPER)<\/span><\/p><\/div>\n<p>Aunque el terreno era del Concejo, la construcci\u00f3n fue solventada por la poblaci\u00f3n paulistana por la v\u00eda de los donativos. El edificio del hospital fue construido en un \u00fanico piso, de acuerdo con las teor\u00edas de la \u00e9poca sobre la transmisi\u00f3n de enfermedades. Exist\u00eda una gran preocupaci\u00f3n con la circulaci\u00f3n del aire. El piso del lazareto era elevado con relaci\u00f3n al suelo, con aberturas para la ventilaci\u00f3n. El techo era alto y las ventanas grandes.\u00a0En el techo, un ventilador renovaba el aire. Estos cuidados derivaban de la creencia en la contaminaci\u00f3n por miasmas, emanaciones que propagar\u00edan las enfermedades. Estos descubrimientos, que resultaron en la microbiolog\u00eda, de Louis Pasteur, Robert Koch y Joseph Lister, a\u00fan estaban ocurriendo en Europa y poco se sab\u00eda de los mismos por ac\u00e1.<\/p>\n<p>Con la Constituci\u00f3n republicana de 1891, los estados pasaron a administrar la salud p\u00fablica. Los nuevos poderes le permitieron al gobierno paulista crear al a\u00f1o siguiente el Servicio Sanitario, y nuevos \u00f3rganos, tales como los laboratorios de An\u00e1lisis Qu\u00edmicos, el Bacteriol\u00f3gico, el Farmac\u00e9utico y el Instituto Vacunog\u00e9nico. En 1898, Em\u00edlio Ribas fue nombrado director del Servicio Sanitario, al cual le cab\u00eda la responsabilidad por el Hospital de Aislamiento, nuevo nombre del lazareto. M\u00e9dico bien informado, lector atento de las novedades cient\u00edficas, Ribas llev\u00f3 adelante un experimento que dej\u00f3 su impronta en las dependencias del hospital, en donde confirm\u00f3, junto a Adolfo Lutz y a otros voluntarios, la transmisi\u00f3n de la fiebre amarilla a trav\u00e9s de los mosquitos (<a href=\"http:\/\/revistapesquisa.fapesp.br\/es\/2009\/03\/01\/en-la-propia-piel\/?\" target=\"_blank\">lea en <em>Pesquisa FAPESP<\/em> n\u00ba 157<\/a>).<\/p>\n<div id=\"attachment_102667\" style=\"max-width: 252px\" class=\"wp-caption alignright\"><img loading=\"lazy\" decoding=\"async\" class=\"size-full wp-image-102667\" title=\"art4247img2\" src=\"http:\/\/revistapesquisa.fapesp.br\/wp-content\/uploads\/2010\/10\/art4247img21.jpg\" alt=\"\" width=\"242\" height=\"152\" srcset=\"https:\/\/revistapesquisa.fapesp.br\/wp-content\/uploads\/2010\/10\/art4247img21.jpg 242w, https:\/\/revistapesquisa.fapesp.br\/wp-content\/uploads\/2010\/10\/art4247img21-120x75.jpg 120w\" sizes=\"auto, (max-width: 242px) 100vw, 242px\" \/><p class=\"wp-caption-text\"><span class=\"media-credits-inline\">MUSEU DE SA\u00daDE P\u00daBLICA EM\u00cdLIO RIBAS (MUSPER)<\/span>El Pabell\u00f3n de Observaci\u00f3n, en 1894, que hac\u00eda la admisi\u00f3n de enfermos<span class=\"media-credits\">MUSEU DE SA\u00daDE P\u00daBLICA EM\u00cdLIO RIBAS (MUSPER)<\/span><\/p><\/div>\n<p>En el siglo XX, el cuerpo cl\u00ednico creci\u00f3 para contemplar el incremento de la demanda. \u201cEl hospital siempre estuvo en la delantera en el combate contra las epidemias\u201d, dice Arary da Cruz Tiriba, m\u00e9dico y profesor de medicina que empez\u00f3 a trabajar en el Em\u00edlio Ribas a comienzos de los a\u00f1os 1950. A los 85 a\u00f1os, recuerda que la investigaci\u00f3n realizada all\u00ed siempre fue de campo, cuando se investigaban brotes de enfermedades en todo el estado, y de enfermer\u00eda. \u201cPero algunos entre nosotros hac\u00edan hincapi\u00e9 en publicar sus descubrimientos y conclusiones, como Jos\u00e9 Toledo Piza, quien realiz\u00f3 la primera descripci\u00f3n de la fiebre maculosa brasile\u00f1a en 1932\u201d.<\/p>\n<p>Durante los \u00faltimos 40 a\u00f1os, el hospital se consolid\u00f3 como referencia en la formaci\u00f3n de conductas, la generaci\u00f3n de conocimiento y la capacitaci\u00f3n de expertos en infectolog\u00eda. Entre 1971 y 1975 tuvo un rol central en el enfrentamiento de la meningitis meningoc\u00f3cica. En 1974, el hospital lleg\u00f3 a tener 1.200 pacientes internados. A comienzos de los a\u00f1os 1980, la llegada del Sida hizo que el nosocomio cambiara, como as\u00ed tambi\u00e9n la propia especialidad de enfermedades infecciosas, de acuerdo con David Uip, actual director del instituto. \u201cSalimos de una especialidad de endemias, del trabajo de campo, hacia una especialidad de punta en la atenci\u00f3n hospitalaria\u201d, dijo en su testimonio para el libro conmemorativo.<\/p>\n","protected":false},"excerpt":{"rendered":"Hace 130 a\u00f1os se creaba el Instituto de Infectolog\u00eda Em\u00edlio Ribas","protected":false},"author":15,"featured_media":0,"comment_status":"closed","ping_status":"closed","sticky":false,"template":"","format":"standard","meta":{"_acf_changed":false,"_exactmetrics_skip_tracking":false,"_exactmetrics_sitenote_active":false,"_exactmetrics_sitenote_note":"","_exactmetrics_sitenote_category":0,"footnotes":""},"categories":[188],"tags":[310,316],"coauthors":[104],"class_list":["post-90028","post","type-post","status-publish","format-standard","hentry","category-memoria-es","tag-historia-es","tag-medicina-es"],"acf":[],"_links":{"self":[{"href":"https:\/\/revistapesquisa.fapesp.br\/es\/wp-json\/wp\/v2\/posts\/90028","targetHints":{"allow":["GET"]}}],"collection":[{"href":"https:\/\/revistapesquisa.fapesp.br\/es\/wp-json\/wp\/v2\/posts"}],"about":[{"href":"https:\/\/revistapesquisa.fapesp.br\/es\/wp-json\/wp\/v2\/types\/post"}],"author":[{"embeddable":true,"href":"https:\/\/revistapesquisa.fapesp.br\/es\/wp-json\/wp\/v2\/users\/15"}],"replies":[{"embeddable":true,"href":"https:\/\/revistapesquisa.fapesp.br\/es\/wp-json\/wp\/v2\/comments?post=90028"}],"version-history":[{"count":0,"href":"https:\/\/revistapesquisa.fapesp.br\/es\/wp-json\/wp\/v2\/posts\/90028\/revisions"}],"wp:attachment":[{"href":"https:\/\/revistapesquisa.fapesp.br\/es\/wp-json\/wp\/v2\/media?parent=90028"}],"wp:term":[{"taxonomy":"category","embeddable":true,"href":"https:\/\/revistapesquisa.fapesp.br\/es\/wp-json\/wp\/v2\/categories?post=90028"},{"taxonomy":"post_tag","embeddable":true,"href":"https:\/\/revistapesquisa.fapesp.br\/es\/wp-json\/wp\/v2\/tags?post=90028"},{"taxonomy":"author","embeddable":true,"href":"https:\/\/revistapesquisa.fapesp.br\/es\/wp-json\/wp\/v2\/coauthors?post=90028"}],"curies":[{"name":"wp","href":"https:\/\/api.w.org\/{rel}","templated":true}]}}