{"id":90049,"date":"2010-11-01T00:00:00","date_gmt":"2010-11-01T00:00:00","guid":{"rendered":"http:\/\/revistapesquisa.fapesp.br\/2010\/11\/01\/los-buenos-vientos-brasilenos\/"},"modified":"2015-08-06T18:00:59","modified_gmt":"2015-08-06T21:00:59","slug":"los-buenos-vientos-brasilenos","status":"publish","type":"post","link":"https:\/\/revistapesquisa.fapesp.br\/es\/los-buenos-vientos-brasilenos\/","title":{"rendered":"Los buenos vientos brasile\u00f1os"},"content":{"rendered":"<p>Cuando empezamos a pensar en un reportaje de tapa sobre la energ\u00eda e\u00f3lica en Brasil, en particular sobre las investigaciones tecnol\u00f3gicas impulsadas por las ansias de lograr una producci\u00f3n m\u00e1s barata y eficiente, yo gozaba de antemano, dadas sus enormes posibilidades pl\u00e1sticas. Las ligeras y grandes aspas perfiladas, ubicadas en la cima de las altas torres que ayudan la transformar la fuerza de los vientos en energ\u00eda parecen ser elementos tan naturalmente dotados de intensidad est\u00e9tica que el echarles mano para componer visualmente la portada de Pesquisa FAPESP no representar\u00eda, cre\u00eda yo, un reto mayor para las dise\u00f1adoras de la revista, Laura Davi\u00f1a y Mayumi Okuyama. Y creo que as\u00ed fue.<\/p>\n<p>Por lo que ni por asomo yo anteve\u00eda o mejor dicho, no lo sab\u00eda era que la productividad de los parques e\u00f3licos instalados en el nordeste brasile\u00f1o, beneficiados por los vientos alisios que soplan constantemente durante el a\u00f1o, se ubica muy por encima del promedio mundial. Ni tampoco ten\u00eda noci\u00f3n acerca del dinamismo que ciertas empresas nacionales y algunas multinacionales le imprimen en este momento al sector, con sus inversiones en el prometedor mercado brasile\u00f1o, estimuladas por una afortunada combinaci\u00f3n de factores econ\u00f3micos internos y externos. Cabe acotar que, si bien la capacidad instalada del parque e\u00f3lico brasile\u00f1o ha aumentado 15 veces en los \u00faltimos 10 a\u00f1os, para llegar a los actuales 835 megavatios, la energ\u00eda que tiene su origen en los vientos responde a\u00fan por menos del 1% de la matriz energ\u00e9tica brasile\u00f1a, una se\u00f1al indicativa de que existe un enorme espacio para que crezca. Yo tambi\u00e9n desconoc\u00eda que buena parte de la capacidad innovadora brasile\u00f1a en el sector tiene su foco en el desarrollo de aerogeneradores, aparatos que, junto con las aspas normalmente elaboradas en fibra de vidrio y un generador el\u00e9ctrico, forman un conjunto de peque\u00f1o porte sumamente \u00fatil en \u00e1reas sin acceso a la energ\u00eda m\u00e1s convencional. Estas informaciones y muchas otras las obtuve a medida que nuestra editora asistente de tecnolog\u00eda, Dinorah Ereno, se sumerg\u00eda en profundidad para intentar capturar las reales posibilidades de la innovaci\u00f3n tecnol\u00f3gica con relaci\u00f3n al crecimiento de la energ\u00eda e\u00f3lica en la matriz brasile\u00f1a. Lo que ella trajo a la escena y les presenta a los lectores en esta edici\u00f3n es un panorama complejo y sumamente interesante, muy bien contextualizado, que ciertamente har\u00e1 su aporte para familiarizar a nuestros lectores con la energ\u00eda e\u00f3lica en Brasil.<\/p>\n<p>Hay diversos otros destacados posibles en esta edici\u00f3n:\u00a0 el ambicioso programa de modelado del clima que se encuentra en desarrollo en el Instituto Nacional de Investigaciones Espaciales, el Inpe; nuevos\u00a0 estudios sobre la tiroides, ya sea relacionando su mal funcionamiento con una extra\u00f1a par\u00e1lisis de las piernas o detectando mecanismos cerebrales que determinan la disminuci\u00f3n de la acci\u00f3n de las hormonas de esa gl\u00e1ndula ante condiciones cl\u00ednicas complicadas, como las desencadenadas por accidentes cerebrovasculares,\u00a0 y la revitalizaci\u00f3n del pelletr\u00f3n, el acelerador de part\u00edculas de la USP. Con todo, es el art\u00edculo sobre C\u00e2ndido Portinari, elaborado por nuestro editor de humanidades, Carlos Haag, el que quiero destacar en forma especial antes de finalizar esta carta. El artista, que en este momento cuenta con reproducciones de algunas de sus principales obras en una exposici\u00f3n que se lleva a cabo en el zagu\u00e1n de la sede de la FAPESP, dado que fueron seleccionadas para enriquecer el informe 2009 de la Fundaci\u00f3n, podr\u00e1 ser visto de una manera muy especial en Brasil y en el mundo entre 2011 y 2013. Sucede que su inmenso y extraordinario panel Guerra e Paz, donado por el gobierno brasile\u00f1o al edificio sede de la ONU, llega al pa\u00eds este mes para su restauraci\u00f3n y exposici\u00f3n, para luego seguir viaje. El art\u00edculo informa tambi\u00e9n sobre el encuentro de un cuadro in\u00e9dito en Brasil, el cuarto Retirante (y lo muestra), y a su vez explica un enfoque t\u00e9cnico enteramente nuevo destinado a verificar la autenticidad de las pinturas, desarrollado gracias al <a href=\"http:\/\/www.portinari.org.br\">Proyecto Portinari<\/a>. Es imperdible.<\/p>\n","protected":false},"excerpt":{"rendered":"Los buenos vientos brasile\u00f1os","protected":false},"author":414,"featured_media":0,"comment_status":"closed","ping_status":"closed","sticky":false,"template":"","format":"standard","meta":{"_acf_changed":false,"_exactmetrics_skip_tracking":false,"_exactmetrics_sitenote_active":false,"_exactmetrics_sitenote_note":"","_exactmetrics_sitenote_category":0,"footnotes":""},"categories":[180],"tags":[],"coauthors":[729],"class_list":["post-90049","post","type-post","status-publish","format-standard","hentry","category-editorial-es"],"acf":[],"_links":{"self":[{"href":"https:\/\/revistapesquisa.fapesp.br\/es\/wp-json\/wp\/v2\/posts\/90049","targetHints":{"allow":["GET"]}}],"collection":[{"href":"https:\/\/revistapesquisa.fapesp.br\/es\/wp-json\/wp\/v2\/posts"}],"about":[{"href":"https:\/\/revistapesquisa.fapesp.br\/es\/wp-json\/wp\/v2\/types\/post"}],"author":[{"embeddable":true,"href":"https:\/\/revistapesquisa.fapesp.br\/es\/wp-json\/wp\/v2\/users\/414"}],"replies":[{"embeddable":true,"href":"https:\/\/revistapesquisa.fapesp.br\/es\/wp-json\/wp\/v2\/comments?post=90049"}],"version-history":[{"count":0,"href":"https:\/\/revistapesquisa.fapesp.br\/es\/wp-json\/wp\/v2\/posts\/90049\/revisions"}],"wp:attachment":[{"href":"https:\/\/revistapesquisa.fapesp.br\/es\/wp-json\/wp\/v2\/media?parent=90049"}],"wp:term":[{"taxonomy":"category","embeddable":true,"href":"https:\/\/revistapesquisa.fapesp.br\/es\/wp-json\/wp\/v2\/categories?post=90049"},{"taxonomy":"post_tag","embeddable":true,"href":"https:\/\/revistapesquisa.fapesp.br\/es\/wp-json\/wp\/v2\/tags?post=90049"},{"taxonomy":"author","embeddable":true,"href":"https:\/\/revistapesquisa.fapesp.br\/es\/wp-json\/wp\/v2\/coauthors?post=90049"}],"curies":[{"name":"wp","href":"https:\/\/api.w.org\/{rel}","templated":true}]}}