{"id":90289,"date":"2011-08-01T00:00:00","date_gmt":"2011-08-01T00:00:00","guid":{"rendered":"http:\/\/revistapesquisa.fapesp.br\/2011\/08\/01\/espacio-alergias-y-conciencia\/"},"modified":"2015-08-06T17:36:44","modified_gmt":"2015-08-06T20:36:44","slug":"espacio-alergias-y-conciencia","status":"publish","type":"post","link":"https:\/\/revistapesquisa.fapesp.br\/es\/espacio-alergias-y-conciencia\/","title":{"rendered":"Espacio, alergias y conciencia"},"content":{"rendered":"<p>Se conoce ampliamente que el programa espacial brasile\u00f1o afronta retrasos cr\u00f3nicos y dificultades para dominar tecnolog\u00edas cr\u00edticas. Peor a\u00fan: al compararlo con otros programas de pa\u00edses emergentes, queda en evidencia una notoria p\u00e9rdida de relevancia. Tanto es as\u00ed que, si bien en 1988 Brasil ostentaba un estatus lo suficientemente alto en tecnolog\u00eda de sat\u00e9lites como para plantarse ante China como socio ideal y establecer un acuerdo en ese campo que ya dura 23 a\u00f1os, actualmente la relaci\u00f3n es de m\u00ednima asim\u00e9trica. De cualquier modo, hay que reconocerlo, de acuerdo con el reportaje de tapa de esta edici\u00f3n de <em>Pesquisa FAPESP<\/em>, el programa espacial brasile\u00f1o ha generado varios \u00e9xitos en el transcurso de tres d\u00e9cadas, entre ellos la nacionalizaci\u00f3n de materiales destinados a la fabricaci\u00f3n de propelentes, aleaciones met\u00e1licas y materiales cer\u00e1micos. No es \u00e9sta seguramente una constataci\u00f3n sin importancia, aunque mucho m\u00e1s importante en el art\u00edculo en cuesti\u00f3n son los primeros esbozos de la reestructuraci\u00f3n del programa espacial brasile\u00f1o que nuestro editor de pol\u00edtica cient\u00edfica y tecnol\u00f3gica, Fabr\u00edcio Marques, ofrece en <em>El cielo no puede esperar<\/em>. Y eso incluye desde la probable fusi\u00f3n de la Agencia Espacial Brasile\u00f1a (AEB) con el Instituto Nacional de Investigaciones Espaciales (Inpe) hasta el incremento de las inversiones en el programa y la renovaci\u00f3n de los recursos humanos, junto a una intensiva programaci\u00f3n de lanzamiento de sat\u00e9lites, mediante cohetes nacionales, de ser posible. El gobierno federal pretende invertir 500 millones de reales anuales en sat\u00e9lites (frente a los 332 millones de reales del presente a\u00f1o) y 200 millones de reales en cohetes a partir de 2012, valores que siguen siendo modestos si se los compara con los del resto de los integrantes de los denominados Brics (Brasil, Rusia, India y China). Recomiendo la lectura de la entrevista para que cada lector saque sus propias conclusiones.<\/p>\n<p>De esta edici\u00f3n, tambi\u00e9n siento un especial aprecio por el reportaje que revela de que manera investigadores brasile\u00f1os, siguiendo una l\u00ednea de investigaci\u00f3n abierta por colegas europeos y norteamericanos, est\u00e1n logrando asociar los efectos de las alergias desencadenadas por alimentos con determinadas respuestas neurops\u00edquicas. Si bien desde hace tiempo se sabe que ese elaborado \u2012\u00a1y atormentante!\u2012 mecanismo celular de limpieza denominado alergia involucra la participaci\u00f3n de los sistemas circulatorio, gastrointestinal y respiratorio, ahora se incrementan las evidencias de que tambi\u00e9n el endocrino y, s\u00ed, tambi\u00e9n el sistema nervioso central se encuentran implicados en esa historia. Pero atenci\u00f3n: estos descubrimientos se hicieron en modelos animales, por lo que no se recomienda dar por sentadas conclusiones precipitadas. De cualquier modo, resulta interesante saber que los ratones al\u00e9rgicos utilizados en una de las investigaciones abordadas en el reportaje elaborado por nuestro editor de ciencia, Ricardo Zorzetto, se mostraron m\u00e1s ansiosos que los cobayos no al\u00e9rgicos del grupo de control.<\/p>\n<p>Tambi\u00e9n quisiera destacar la entrevista con el respetado neurobi\u00f3logo franc\u00e9s Jean Pierre Changeux. Durante su trayectoria desde los a\u00f1os 1960, Changeux, en principio trabajando con bacterias, realiz\u00f3 algunos descubrimientos fundamentales en el campo de la regulaci\u00f3n biol\u00f3gica elemental (por ejemplo, el modelo de las prote\u00ednas alost\u00e9ricas), los extrapol\u00f3 para los receptores de neurotransmisores; aisl\u00f3, para probar su hip\u00f3tesis, el receptor de la acetilcolina y, con esa base s\u00f3lida te\u00f3rica y experimental, prosigui\u00f3 en la b\u00fasqueda de otras comprensiones al respecto del cerebro, enfoc\u00e1ndose especialmente en los fundamentos biol\u00f3gicos de la conciencia. Es bueno recordar que, en compa\u00f1\u00eda de su director de tesis, Jacques Monod, Nobel de Medicina en 1965, Changeux escribi\u00f3 uno de los art\u00edculos m\u00e1s famosos de la biolog\u00eda molecular en toda su historia:\u00a0<em>Sobre la naturaleza de las transiciones alost\u00e9ricas<\/em>, que actualmente contabiliza 5.889 citas. Y todo esto lo construy\u00f3 entretejiendo, al mismo tiempo, una profuso tel\u00f3n de fondo human\u00edstico, filos\u00f3fico, impetuosamente presente en muchos de sus libros de divulgaci\u00f3n cient\u00edfica, que ubican siempre a la ciencia como algo inherente en la cultura, aunque sin jam\u00e1s dejar de reivindicar &#8220;una visi\u00f3n fisiol\u00f3gica&#8221;, tal como \u00e9l dice, basada en los mecanismos moleculares, de las m\u00e1s complejas funciones del cerebro. Vale la pena leerlo.<\/p>\n","protected":false},"excerpt":{"rendered":"Espacio, alergias y conciencia","protected":false},"author":414,"featured_media":0,"comment_status":"closed","ping_status":"closed","sticky":false,"template":"","format":"standard","meta":{"_acf_changed":false,"_exactmetrics_skip_tracking":false,"_exactmetrics_sitenote_active":false,"_exactmetrics_sitenote_note":"","_exactmetrics_sitenote_category":0,"footnotes":""},"categories":[180],"tags":[],"coauthors":[729],"class_list":["post-90289","post","type-post","status-publish","format-standard","hentry","category-editorial-es"],"acf":[],"_links":{"self":[{"href":"https:\/\/revistapesquisa.fapesp.br\/es\/wp-json\/wp\/v2\/posts\/90289","targetHints":{"allow":["GET"]}}],"collection":[{"href":"https:\/\/revistapesquisa.fapesp.br\/es\/wp-json\/wp\/v2\/posts"}],"about":[{"href":"https:\/\/revistapesquisa.fapesp.br\/es\/wp-json\/wp\/v2\/types\/post"}],"author":[{"embeddable":true,"href":"https:\/\/revistapesquisa.fapesp.br\/es\/wp-json\/wp\/v2\/users\/414"}],"replies":[{"embeddable":true,"href":"https:\/\/revistapesquisa.fapesp.br\/es\/wp-json\/wp\/v2\/comments?post=90289"}],"version-history":[{"count":0,"href":"https:\/\/revistapesquisa.fapesp.br\/es\/wp-json\/wp\/v2\/posts\/90289\/revisions"}],"wp:attachment":[{"href":"https:\/\/revistapesquisa.fapesp.br\/es\/wp-json\/wp\/v2\/media?parent=90289"}],"wp:term":[{"taxonomy":"category","embeddable":true,"href":"https:\/\/revistapesquisa.fapesp.br\/es\/wp-json\/wp\/v2\/categories?post=90289"},{"taxonomy":"post_tag","embeddable":true,"href":"https:\/\/revistapesquisa.fapesp.br\/es\/wp-json\/wp\/v2\/tags?post=90289"},{"taxonomy":"author","embeddable":true,"href":"https:\/\/revistapesquisa.fapesp.br\/es\/wp-json\/wp\/v2\/coauthors?post=90289"}],"curies":[{"name":"wp","href":"https:\/\/api.w.org\/{rel}","templated":true}]}}