{"id":90570,"date":"2002-04-01T00:00:54","date_gmt":"2002-04-01T03:00:54","guid":{"rendered":"http:\/\/revistapesquisa.fapesp.br\/?p=90570"},"modified":"2013-01-16T19:30:29","modified_gmt":"2013-01-16T21:30:29","slug":"le%c3%a7a-asume-secretar%c3%ada-estadual","status":"publish","type":"post","link":"https:\/\/revistapesquisa.fapesp.br\/es\/le%c3%a7a-asume-secretar%c3%ada-estadual\/","title":{"rendered":"Le\u00e7a asume secretar\u00eda estadual"},"content":{"rendered":"<p>Fernando Le\u00e7a, miembro del Consejo Superior de la FAPESP, asumi\u00f3 la Secretar\u00eda de Estado de Empleo y Relaciones del Trabajo el d\u00eda 19 de marzo, en reemplazo de Walter Barelli. Le\u00e7a fue Director superintendente del Servicio Brasile\u00f1o de Apoyo a las Micro y Peque\u00f1as Empresas (Sebrae) hasta febrero de este a\u00f1o, y diputado estadual entre 1983 y 1991. Fue autor de la enmienda constitucional n\u00ba 39, de 1983, que estableci\u00f3 la periodicidad mensual del giro de recursos a la FAPESP, vinculando el c\u00e1lculo de dichas partidas a la recaudaci\u00f3n concretada durante el ejercicio inmediatamente anterior. En la Asamblea, presidi\u00f3 las comisiones de Educaci\u00f3n (1985-87), de Constituci\u00f3n y Justicia (1987-89) y de Cultura, Ciencia y Tecnolog\u00eda (1989-91).<\/p>\n","protected":false},"excerpt":{"rendered":"Le\u00e7a asume secretar\u00eda estadual","protected":false},"author":6,"featured_media":0,"comment_status":"closed","ping_status":"closed","sticky":false,"template":"","format":"standard","meta":{"_acf_changed":false,"_exactmetrics_skip_tracking":false,"_exactmetrics_sitenote_active":false,"_exactmetrics_sitenote_note":"","_exactmetrics_sitenote_category":0,"footnotes":""},"categories":[184],"tags":[],"coauthors":[93],"class_list":["post-90570","post","type-post","status-publish","format-standard","hentry","category-estrategias-es"],"acf":[],"_links":{"self":[{"href":"https:\/\/revistapesquisa.fapesp.br\/es\/wp-json\/wp\/v2\/posts\/90570","targetHints":{"allow":["GET"]}}],"collection":[{"href":"https:\/\/revistapesquisa.fapesp.br\/es\/wp-json\/wp\/v2\/posts"}],"about":[{"href":"https:\/\/revistapesquisa.fapesp.br\/es\/wp-json\/wp\/v2\/types\/post"}],"author":[{"embeddable":true,"href":"https:\/\/revistapesquisa.fapesp.br\/es\/wp-json\/wp\/v2\/users\/6"}],"replies":[{"embeddable":true,"href":"https:\/\/revistapesquisa.fapesp.br\/es\/wp-json\/wp\/v2\/comments?post=90570"}],"version-history":[{"count":0,"href":"https:\/\/revistapesquisa.fapesp.br\/es\/wp-json\/wp\/v2\/posts\/90570\/revisions"}],"wp:attachment":[{"href":"https:\/\/revistapesquisa.fapesp.br\/es\/wp-json\/wp\/v2\/media?parent=90570"}],"wp:term":[{"taxonomy":"category","embeddable":true,"href":"https:\/\/revistapesquisa.fapesp.br\/es\/wp-json\/wp\/v2\/categories?post=90570"},{"taxonomy":"post_tag","embeddable":true,"href":"https:\/\/revistapesquisa.fapesp.br\/es\/wp-json\/wp\/v2\/tags?post=90570"},{"taxonomy":"author","embeddable":true,"href":"https:\/\/revistapesquisa.fapesp.br\/es\/wp-json\/wp\/v2\/coauthors?post=90570"}],"curies":[{"name":"wp","href":"https:\/\/api.w.org\/{rel}","templated":true}]}}