{"id":90769,"date":"2002-04-01T00:00:34","date_gmt":"2002-04-01T03:00:34","guid":{"rendered":"http:\/\/revistapesquisa.fapesp.br\/?p=90769"},"modified":"2013-01-16T20:27:43","modified_gmt":"2013-01-16T22:27:43","slug":"mira-de-l%c3%a1ser-hecha-a-la-medida-para-la-polic%c3%ada","status":"publish","type":"post","link":"https:\/\/revistapesquisa.fapesp.br\/es\/mira-de-l%c3%a1ser-hecha-a-la-medida-para-la-polic%c3%ada\/","title":{"rendered":"Mira de l\u00e1ser hecha a la medida para la polic\u00eda"},"content":{"rendered":"<p>En medio de las discusiones sobre seguridad p\u00fablica, surge en S\u00e3o Carlos el primer prototipo de mira de l\u00e1ser brasile\u00f1a, hecho en aluminio y acero inoxidable. El mismo fue desarrollado a pedido del comando de la Polic\u00eda Militar en dicha ciudad para su uso en los rev\u00f3lveres y pistolas de la corporaci\u00f3n en situaciones de enfrentamiento. Los modelos existentes actualmente en el mercado, que son importados, cuestan en torno a 700 reales, lo que restringe el uso de ese equipamiento, utilizado para darle seguridad al tiro. El modelo nacional, que se encuentra en fase de patentamiento, saldr\u00e1 por alrededor de 100 reales. La concepci\u00f3n del proyecto y la construcci\u00f3n de la mira de l\u00e1ser es del jefe del Departamento de F\u00edsica de la Universidad Federal de S\u00e3o Carlos (UFSCar), Fernando Ara\u00fajo Moreira.<\/p>\n<p>Todo empez\u00f3 con una reflexi\u00f3n del profesor. \u201c\u00bfC\u00f3mo se podr\u00eda, con nuestros conocimientos, intentar modificar la situaci\u00f3n y combatir los problemas de seguridad?\u201d, fue la pregunta que se hizo al darse cuenta de que la cuesti\u00f3n est\u00e1 cada vez m\u00e1s presente en el d\u00eda a d\u00eda. Ara\u00fajo decidi\u00f3 entonces ir a buscar a la PM de la ciudad para saber c\u00f3mo podr\u00eda ayudar y, a partir de esa charla, decidi\u00f3 desarrollar la mira de l\u00e1ser con luz roja. Durante un a\u00f1o fueron realizados tests \u2013con el apoyo operativo de los polic\u00edas militares\u2013, que resultaron en el producto final. El punto de l\u00e1ser funciona como los bol\u00edgrafos se\u00f1alizadores utilizados en conferencias. \u201cLa mira de l\u00e1ser compensa la dificultad de la mira f\u00edsica existente sobre el arma\u201d, explica Moreira. Los gastos con el prototipo fueron de alrededor de mil reales, solventados por el propio investigador, que considera que este proyecto \u2013que no forma parte de su actividad de investigaci\u00f3n\u2013 es una contribuci\u00f3n suya en su calidad de ciudadano cient\u00edfico.<\/p>\n<p>Otra diferencia destacada por el profesor es que la pieza fue desarrollada para ser acoplada r\u00e1pidamente al arma, dentro de un concepto de integraci\u00f3n, en tanto que el m\u00f3dulo disponible en el mercado tiene un alambre de cobre que sale de la mira y va al cabo del arma, lo que dificulta la acci\u00f3n policial r\u00e1pida, al margen de que se quiebra con facilidad. La mira pesa 60 gramos y puede cargarse en el chaleco de los polic\u00edas. Dos empresas ya han manifestado su inter\u00e9s en fabricarla, pero sus nombres a\u00fan no pueden ser revelados por una cuesti\u00f3n de secreto. Otros proyectos en el \u00e1rea de seguridad est\u00e1n en marcha, entre los cuales se destaca un sensor para detectar drogas.<\/p>\n","protected":false},"excerpt":{"rendered":"Mira de l\u00e1ser hecha a la medida para la polic\u00eda","protected":false},"author":6,"featured_media":0,"comment_status":"closed","ping_status":"closed","sticky":false,"template":"","format":"standard","meta":{"_acf_changed":false,"_exactmetrics_skip_tracking":false,"_exactmetrics_sitenote_active":false,"_exactmetrics_sitenote_note":"","_exactmetrics_sitenote_category":0,"footnotes":""},"categories":[191],"tags":[],"coauthors":[93],"class_list":["post-90769","post","type-post","status-publish","format-standard","hentry","category-tecnociencia-es-es"],"acf":[],"_links":{"self":[{"href":"https:\/\/revistapesquisa.fapesp.br\/es\/wp-json\/wp\/v2\/posts\/90769","targetHints":{"allow":["GET"]}}],"collection":[{"href":"https:\/\/revistapesquisa.fapesp.br\/es\/wp-json\/wp\/v2\/posts"}],"about":[{"href":"https:\/\/revistapesquisa.fapesp.br\/es\/wp-json\/wp\/v2\/types\/post"}],"author":[{"embeddable":true,"href":"https:\/\/revistapesquisa.fapesp.br\/es\/wp-json\/wp\/v2\/users\/6"}],"replies":[{"embeddable":true,"href":"https:\/\/revistapesquisa.fapesp.br\/es\/wp-json\/wp\/v2\/comments?post=90769"}],"version-history":[{"count":0,"href":"https:\/\/revistapesquisa.fapesp.br\/es\/wp-json\/wp\/v2\/posts\/90769\/revisions"}],"wp:attachment":[{"href":"https:\/\/revistapesquisa.fapesp.br\/es\/wp-json\/wp\/v2\/media?parent=90769"}],"wp:term":[{"taxonomy":"category","embeddable":true,"href":"https:\/\/revistapesquisa.fapesp.br\/es\/wp-json\/wp\/v2\/categories?post=90769"},{"taxonomy":"post_tag","embeddable":true,"href":"https:\/\/revistapesquisa.fapesp.br\/es\/wp-json\/wp\/v2\/tags?post=90769"},{"taxonomy":"author","embeddable":true,"href":"https:\/\/revistapesquisa.fapesp.br\/es\/wp-json\/wp\/v2\/coauthors?post=90769"}],"curies":[{"name":"wp","href":"https:\/\/api.w.org\/{rel}","templated":true}]}}