{"id":92531,"date":"2013-01-17T18:20:50","date_gmt":"2013-01-17T20:20:50","guid":{"rendered":"http:\/\/revistapesquisa.fapesp.br\/?p=92531"},"modified":"2013-01-17T18:22:06","modified_gmt":"2013-01-17T20:22:06","slug":"libros-15","status":"publish","type":"post","link":"https:\/\/revistapesquisa.fapesp.br\/es\/libros-15\/","title":{"rendered":"Libros"},"content":{"rendered":"<p><span style=\"font-size: small;\"><strong>O Monge no Jardim<\/strong><\/span><\/p>\n<p><em><span style=\"font-size: small;\">Rocco<br \/>\n<\/span><span style=\"font-size: small;\">Robin Marantz Henig<br \/>\n<\/span><span style=\"font-size: small;\">256 p\u00e1ginas \/ R$ 34,00<\/span>\u00a0<\/em><\/p>\n<p><span style=\"font-size: small;\">Por mucho tiempo, los cient\u00edficos lamentaron el injusto olvido al que fue relegado el monje de Moravia que cultivaba arvejas en el jard\u00edn de un monasterio y le ense\u00f1\u00f3 al mundo a pensar sobre el delicado mecanismo de la hereditariedad.<\/span><\/p>\n<p><span style=\"font-size: small;\">Pero a pesar de la comprensi\u00f3n moderna acerca de su importancia fundamental, existen pocas biograf\u00edas de Gregor Mendel.<\/span><\/p>\n<p><span style=\"font-size: small;\">En pleno furor por los descubrimientos del genoma, impresiona conocer la vida pl\u00e1cida del monje, y su trabajo distante del mundo que abri\u00f3 caminos para los descubrimientos del hombre de hoy. Un libro que causa placer al ser le\u00eddo.<\/span><\/p>\n<p>&nbsp;<\/p>\n<p><span style=\"font-size: small;\"><strong>A Afinaci\u00f3n do Mundo \u00a0 \u00a0 \u00a0 \u00a0 \u00a0\u00a0<\/strong><\/span><\/p>\n<p><em><span style=\"font-size: small;\">Editora Unesp<br \/>\n<\/span><span style=\"font-size: small;\">R. Murray Schafer<br \/>\n<\/span><span style=\"font-size: small;\">381 p\u00e1ginas \/ R$ 33,00<\/span>\u00a0<\/em><\/p>\n<p><span style=\"font-size: small;\">Escrito por un mixto de investigador y compositor canadiense, este libro analiza a fondo\u00a0 los sonidos que nos cercan. En un mundo sobrecargado de los ruidos y sonidos m\u00e1s diversos, perdimos la capacidad de prestar atenci\u00f3n a muchos de ellos. En la confianza de que el hombre desea armonizarse con el universo sonoro a su alrededor, el autor efect\u00faa un an\u00e1lisis de los paisajes sonoros de la historia, critica este panorama y brinda sugerencias para un proyecto ac\u00fastico en el caos.<\/span><\/p>\n<p>&nbsp;<\/p>\n<p><strong><span style=\"font-size: small;\">Ser M\u00e9dico no Brasil<\/span><\/strong><\/p>\n<p><strong><\/strong><em>O Presente no Passado<\/em><br \/>\n<em><span style=\"font-size: small;\">Fiocruz<br \/>\n<\/span><span style=\"font-size: small;\">230 p\u00e1ginas\/ R$ 22,00<\/span>\u00a0<\/em><\/p>\n<p><span style=\"font-size: small;\">Que esta profesi\u00f3n en el pa\u00eds es una de las m\u00e1s dif\u00edciles no es una gran novedad, pero este estudio aborda exitosamente el problema en todos sus aspectos, indicando en este movimiento las soluciones para el futuro. El autor analiza c\u00f3mo se dan los conflictos entre<\/span><\/p>\n<p><span style=\"font-size: small;\">los m\u00e9dicos y de qu\u00e9 forma esto debilita al profesional en el mercado. Al margen de esa disputa, los m\u00e9dicos deben tambi\u00e9n enfrentar la \u201ccompetencia\u201d desleal de los farmac\u00e9uticos, curanderos, enfermeras-visitadoras y otros que no son ligados al medio, pero que interfieren en la relaci\u00f3n entre m\u00e9dicos y pacientes. Se aborda tambi\u00e9n la rivalidad inusitada con los curanderos y la relaci\u00f3n conflictiva entre los profesionales de la salud y el Estado.<\/span><\/p>\n","protected":false},"excerpt":{"rendered":"Libros publicados en octubre de 2001","protected":false},"author":6,"featured_media":0,"comment_status":"open","ping_status":"open","sticky":false,"template":"","format":"standard","meta":{"_acf_changed":false,"_exactmetrics_skip_tracking":false,"_exactmetrics_sitenote_active":false,"_exactmetrics_sitenote_note":"","_exactmetrics_sitenote_category":0,"footnotes":""},"categories":[190],"tags":[],"coauthors":[93],"class_list":["post-92531","post","type-post","status-publish","format-standard","hentry","category-resenas"],"acf":[],"_links":{"self":[{"href":"https:\/\/revistapesquisa.fapesp.br\/es\/wp-json\/wp\/v2\/posts\/92531","targetHints":{"allow":["GET"]}}],"collection":[{"href":"https:\/\/revistapesquisa.fapesp.br\/es\/wp-json\/wp\/v2\/posts"}],"about":[{"href":"https:\/\/revistapesquisa.fapesp.br\/es\/wp-json\/wp\/v2\/types\/post"}],"author":[{"embeddable":true,"href":"https:\/\/revistapesquisa.fapesp.br\/es\/wp-json\/wp\/v2\/users\/6"}],"replies":[{"embeddable":true,"href":"https:\/\/revistapesquisa.fapesp.br\/es\/wp-json\/wp\/v2\/comments?post=92531"}],"version-history":[{"count":0,"href":"https:\/\/revistapesquisa.fapesp.br\/es\/wp-json\/wp\/v2\/posts\/92531\/revisions"}],"wp:attachment":[{"href":"https:\/\/revistapesquisa.fapesp.br\/es\/wp-json\/wp\/v2\/media?parent=92531"}],"wp:term":[{"taxonomy":"category","embeddable":true,"href":"https:\/\/revistapesquisa.fapesp.br\/es\/wp-json\/wp\/v2\/categories?post=92531"},{"taxonomy":"post_tag","embeddable":true,"href":"https:\/\/revistapesquisa.fapesp.br\/es\/wp-json\/wp\/v2\/tags?post=92531"},{"taxonomy":"author","embeddable":true,"href":"https:\/\/revistapesquisa.fapesp.br\/es\/wp-json\/wp\/v2\/coauthors?post=92531"}],"curies":[{"name":"wp","href":"https:\/\/api.w.org\/{rel}","templated":true}]}}