{"id":93085,"date":"2010-08-01T20:36:44","date_gmt":"2010-08-01T23:36:44","guid":{"rendered":"http:\/\/revistapesquisa.fapesp.br\/?p=93085"},"modified":"2015-02-26T14:06:03","modified_gmt":"2015-02-26T17:06:03","slug":"los-peligros-del-tr%c3%a1nsito","status":"publish","type":"post","link":"https:\/\/revistapesquisa.fapesp.br\/es\/los-peligros-del-tr%c3%a1nsito\/","title":{"rendered":"Los peligros del tr\u00e1nsito"},"content":{"rendered":"<p>Pasando entre los coches y corriendo contra el tiempo en fr\u00e1giles motocicletas, los cadetes motoqueros pasan por estr\u00e9s diariamente y est\u00e1n m\u00e1s propensos a contraer enfermedades mentales, seg\u00fan muestra un grupo liderado por el psiquiatra Luis Augusto Rohde, del Hospital de Cl\u00ednicas de Porto Alegre (<em>European Psychiatry<\/em>). Entre 101 trabajadores motoqueros evaluados, el estudio detect\u00f3 una incidencia de enfermedades mentales del 75%, mayor que en la poblaci\u00f3n total. M\u00e1s del 80% de \u00e9stos tienen problemas con uso de alcohol y marihuana. Sin embargo, las sustancias qu\u00edmicas no parecen ser responsables por conducir de manera poco cuidadosa: los accidentes est\u00e1n m\u00e1s bien asociados con el trastorno de d\u00e9ficit de atenci\u00f3n, y las multas se relacionan con el trastorno de personalidad antisocial.<\/p>\n","protected":false},"excerpt":{"rendered":"Los peligros del tr\u00e1nsito","protected":false},"author":6,"featured_media":0,"comment_status":"open","ping_status":"open","sticky":false,"template":"","format":"standard","meta":{"_acf_changed":false,"_exactmetrics_skip_tracking":false,"_exactmetrics_sitenote_active":false,"_exactmetrics_sitenote_note":"","_exactmetrics_sitenote_category":0,"footnotes":""},"categories":[191],"tags":[],"coauthors":[93],"class_list":["post-93085","post","type-post","status-publish","format-standard","hentry","category-tecnociencia-es-es"],"acf":[],"_links":{"self":[{"href":"https:\/\/revistapesquisa.fapesp.br\/es\/wp-json\/wp\/v2\/posts\/93085","targetHints":{"allow":["GET"]}}],"collection":[{"href":"https:\/\/revistapesquisa.fapesp.br\/es\/wp-json\/wp\/v2\/posts"}],"about":[{"href":"https:\/\/revistapesquisa.fapesp.br\/es\/wp-json\/wp\/v2\/types\/post"}],"author":[{"embeddable":true,"href":"https:\/\/revistapesquisa.fapesp.br\/es\/wp-json\/wp\/v2\/users\/6"}],"replies":[{"embeddable":true,"href":"https:\/\/revistapesquisa.fapesp.br\/es\/wp-json\/wp\/v2\/comments?post=93085"}],"version-history":[{"count":0,"href":"https:\/\/revistapesquisa.fapesp.br\/es\/wp-json\/wp\/v2\/posts\/93085\/revisions"}],"wp:attachment":[{"href":"https:\/\/revistapesquisa.fapesp.br\/es\/wp-json\/wp\/v2\/media?parent=93085"}],"wp:term":[{"taxonomy":"category","embeddable":true,"href":"https:\/\/revistapesquisa.fapesp.br\/es\/wp-json\/wp\/v2\/categories?post=93085"},{"taxonomy":"post_tag","embeddable":true,"href":"https:\/\/revistapesquisa.fapesp.br\/es\/wp-json\/wp\/v2\/tags?post=93085"},{"taxonomy":"author","embeddable":true,"href":"https:\/\/revistapesquisa.fapesp.br\/es\/wp-json\/wp\/v2\/coauthors?post=93085"}],"curies":[{"name":"wp","href":"https:\/\/api.w.org\/{rel}","templated":true}]}}