{"id":94675,"date":"2011-12-01T00:00:37","date_gmt":"2011-12-01T02:00:37","guid":{"rendered":"http:\/\/revistapesquisa.fapesp.br\/?p=94675"},"modified":"2014-06-02T18:54:47","modified_gmt":"2014-06-02T21:54:47","slug":"proyectos-tem%c3%a1ticos-recientes","status":"publish","type":"post","link":"https:\/\/revistapesquisa.fapesp.br\/es\/proyectos-tem%c3%a1ticos-recientes\/","title":{"rendered":"Proyectos tem\u00e1ticos recientes"},"content":{"rendered":"<p><strong>Caracterizaci\u00f3n y aplicaciones de materiales dosim\u00e9tricos utilizando luminiscencia estimulada \u00f3pticamente y t\u00e9cnicas complementarias<\/strong><br \/>\nInvestigador responsable: Linda Viola Ehlin Caldas<br \/>\nInstituci\u00f3n: Instituto de Investigaciones Energ\u00e9ticas y Nucleares<br \/>\nProceso: 2010\/ 16437-0<br \/>\nVigencia: 01\/09\/2011 al 31\/08\/2016<\/p>\n<p><strong>Instituciones pol\u00edticas, modelos de interacci\u00f3n ejecutiva-legislativa y capacidad de gobierno<\/strong><br \/>\nInvestigador responsable: Fernando de Magalh\u00e3es Papaterra Limongi<br \/>\nInstituci\u00f3n: FFLCH\/ USP<br \/>\nProceso: 2011\/ 08536-1<br \/>\nVigencia: 01\/09\/2011 al 31\/08\/2016<\/p>\n<p><strong>Dynamical phenomena in complex networks: fundamentals and applications<\/strong><br \/>\nInvestigador responsable: Elbert Einstein Nehrer Macau<br \/>\nInstituci\u00f3n: Instituto Nacional de Investigaciones Espaciales<br \/>\nProceso: 2011\/ 50151-0<br \/>\nVigencia: 01\/09\/2011 al 31\/08\/2016<\/p>\n<p><strong>Soluci\u00f3n eficiente para problemas de programaci\u00f3n lineal y cuadr\u00e1tica de gran porte<\/strong><br \/>\nInvestigador responsable: Aurelio Ribeiro Leite de Oliveira<br \/>\nInstituci\u00f3n: Instituto de Matem\u00e1tica, Estad\u00edstica y Computaci\u00f3n Cient\u00edfica\/ Unicamp<br \/>\nProceso: 2010\/ 06822-4<br \/>\nVigencia: 01\/10\/2011 al 30\/09\/2015<\/p>\n<p><strong>Aplicaciones de pulsos de femtosegundos en \u00f3ptica no lineal: espectroscop\u00eda, formateo de pulsos y microfabricaci\u00f3n<\/strong><br \/>\nInvestigador responsable: Cleber Renato Mendon\u00e7a<br \/>\nInstituci\u00f3n: Instituto de F\u00edsica de S\u00e3o Carlos\/USP<br \/>\nProceso: 2011\/ 12399-0<br \/>\nVigencia: 01\/11\/2011 al 31\/10\/2015<\/p>\n<p><strong>Marcadores de receptividad<\/strong><br \/>\nInvestigador responsable: Mario Binelli<br \/>\nInstituci\u00f3n: Facultad de Medicina Veterinaria y Zootecnia\/ USP<br \/>\nProceso: 2011\/ 03226-4<br \/>\nVigencia: 01\/10\/2011 al 30\/09\/2015<\/p>\n<p><strong>C\u00e9lulas B-1: biolog\u00eda, relaciones con otras c\u00e9lulas del sistema inmune y participaci\u00f3n en diferentes modelos experimentales<\/strong><br \/>\nInvestigador responsable: Jos\u00e9 Daniel Lopes<br \/>\nInstituci\u00f3n: Escuela Paulista de Medicina\/ Unifesp<br \/>\nProceso: 2011\/ 50256-6<br \/>\nVigencia: 01\/11\/11 al 31\/10\/14<\/p>\n<p><strong>Fisiopatolog\u00eda y regeneraci\u00f3n en las lesiones renales<\/strong><br \/>\nInvestigador responsable: Nestor Schor<br \/>\nInstituci\u00f3n: Escuela Paulista de Medicina\/ Unifesp<br \/>\nProceso: 2010\/ 52180-4<br \/>\nVigencia: 01\/10\/2011 al 30\/09\/2015<\/p>\n<p><strong>Evaluaci\u00f3n de los aductos AFB1-lisina y AFB1-N7-guanina como biomarcadores de la exposici\u00f3n humana y animal a las aflatoxinas<\/strong><br \/>\nInvestigador responsable: Carlos Augusto Fernandes de Oliveira<br \/>\nInstituci\u00f3n: FZEA\/ USP<br \/>\nProceso: 2010\/ 20895-4<br \/>\nVigencia: 01\/11\/2011 al 31\/10\/2015<\/p>\n<p><strong>An\u00e1lisis y control de sistemas el\u00e9ctricos de potencia<\/strong><br \/>\nInvestigador responsable: Newton Geraldo Bretas<br \/>\nInstituci\u00f3n: Escuela de Ingenier\u00eda de S\u00e3o Carlos\/ USP<br \/>\nProceso: 2011\/ 01035-7<br \/>\nVigencia: 01\/10\/11 al 30\/09\/15<\/p>\n<p><strong>Metabolismo energ\u00e9tico, estado Redox y funcionalidad mitocondrial en la muerte celular y en des\u00f3rdenes cardiometab\u00f3licos y neurodegenerativos<\/strong><br \/>\nInvestigador responsable: Anibal Eugenio Vercesi<br \/>\nInstituci\u00f3n: Facultad de Ciencias M\u00e9dicas\/ Unicamp<br \/>\nProceso: 2011\/ 50400-0<br \/>\nVigencia: 01\/10\/2011 al 30\/09\/2015<\/p>\n<p><strong>Sistem\u00e1tica de las ara\u00f1as Haploginas Neotropicales (Arachnida, Araneae)<\/strong><br \/>\nInvestigador responsable: Antonio Domingos Brescovit<br \/>\nInstituci\u00f3n: Instituto Butantan<br \/>\nProceso: 2011\/ 50689-0<br \/>\nVigencia: 01\/10\/2011 al 30\/09\/2016<\/p>\n<p><strong>\u00a0<\/strong><\/p>\n","protected":false},"excerpt":{"rendered":"Contratados entre septiembre y noviembre de 2011","protected":false},"author":6,"featured_media":0,"comment_status":"open","ping_status":"open","sticky":false,"template":"","format":"standard","meta":{"_acf_changed":false,"_exactmetrics_skip_tracking":false,"_exactmetrics_sitenote_active":false,"_exactmetrics_sitenote_note":"","_exactmetrics_sitenote_category":0,"footnotes":""},"categories":[182],"tags":[],"coauthors":[93],"class_list":["post-94675","post","type-post","status-publish","format-standard","hentry","category-proyectos"],"acf":[],"_links":{"self":[{"href":"https:\/\/revistapesquisa.fapesp.br\/es\/wp-json\/wp\/v2\/posts\/94675","targetHints":{"allow":["GET"]}}],"collection":[{"href":"https:\/\/revistapesquisa.fapesp.br\/es\/wp-json\/wp\/v2\/posts"}],"about":[{"href":"https:\/\/revistapesquisa.fapesp.br\/es\/wp-json\/wp\/v2\/types\/post"}],"author":[{"embeddable":true,"href":"https:\/\/revistapesquisa.fapesp.br\/es\/wp-json\/wp\/v2\/users\/6"}],"replies":[{"embeddable":true,"href":"https:\/\/revistapesquisa.fapesp.br\/es\/wp-json\/wp\/v2\/comments?post=94675"}],"version-history":[{"count":0,"href":"https:\/\/revistapesquisa.fapesp.br\/es\/wp-json\/wp\/v2\/posts\/94675\/revisions"}],"wp:attachment":[{"href":"https:\/\/revistapesquisa.fapesp.br\/es\/wp-json\/wp\/v2\/media?parent=94675"}],"wp:term":[{"taxonomy":"category","embeddable":true,"href":"https:\/\/revistapesquisa.fapesp.br\/es\/wp-json\/wp\/v2\/categories?post=94675"},{"taxonomy":"post_tag","embeddable":true,"href":"https:\/\/revistapesquisa.fapesp.br\/es\/wp-json\/wp\/v2\/tags?post=94675"},{"taxonomy":"author","embeddable":true,"href":"https:\/\/revistapesquisa.fapesp.br\/es\/wp-json\/wp\/v2\/coauthors?post=94675"}],"curies":[{"name":"wp","href":"https:\/\/api.w.org\/{rel}","templated":true}]}}