{"id":96908,"date":"2005-12-01T22:44:17","date_gmt":"2005-12-02T00:44:17","guid":{"rendered":"http:\/\/revistapesquisa.fapesp.br\/?p=96908"},"modified":"2013-01-21T22:45:30","modified_gmt":"2013-01-22T00:45:30","slug":"otra-sequ%c3%ada-a-la-vista-en-el-sur-de-brasil","status":"publish","type":"post","link":"https:\/\/revistapesquisa.fapesp.br\/es\/otra-sequ%c3%ada-a-la-vista-en-el-sur-de-brasil\/","title":{"rendered":"Otra sequ\u00eda a la vista en el sur de Brasil"},"content":{"rendered":"<p>La Red de Estaciones de Climatolog\u00eda Urbana, de la ciudad sure\u00f1a de S\u00e3o Leopoldo, lo ha venido advirtiendo desde septiembre: el estado de R\u00edo Grande do Sul, que este a\u00f1o ha afrontado una sequ\u00eda que asol\u00f3 a la producci\u00f3n agr\u00edcola, puede pasar por otra en 2006, con consecuencia del fen\u00f3meno La Ni\u00f1a, el enfriamiento del Pac\u00edfico ecuatorial, que afecta principalmente a la regi\u00f3n de las Pampas, que incluye a Brasil, Uruguay y Argentina (en el mapa, el amarillo representa a las zonas m\u00e1s c\u00e1lidas que las rojas). El Noaa, el centro norteamericano de estudios atmosf\u00e9ricos, confirma la posibilidad de la llegada de La Ni\u00f1a. Puede llover menos tambi\u00e9n debido a la reducci\u00f3n de la humedad que vendr\u00eda de la regi\u00f3n amaz\u00f3nica y que fue absorbida por los huracanes del Caribe. En septiembre y octubre llovi\u00f3 m\u00e1s que lo normal en el sur, pero el exceso de lluvia siempre llega antes de la sequ\u00eda.<\/p>\n","protected":false},"excerpt":{"rendered":"Otra sequ\u00eda a la vista en el sur de Brasil","protected":false},"author":6,"featured_media":0,"comment_status":"closed","ping_status":"closed","sticky":false,"template":"","format":"standard","meta":{"_acf_changed":false,"_exactmetrics_skip_tracking":false,"_exactmetrics_sitenote_active":false,"_exactmetrics_sitenote_note":"","_exactmetrics_sitenote_category":0,"footnotes":""},"categories":[191],"tags":[],"coauthors":[93],"class_list":["post-96908","post","type-post","status-publish","format-standard","hentry","category-tecnociencia-es-es"],"acf":[],"_links":{"self":[{"href":"https:\/\/revistapesquisa.fapesp.br\/es\/wp-json\/wp\/v2\/posts\/96908","targetHints":{"allow":["GET"]}}],"collection":[{"href":"https:\/\/revistapesquisa.fapesp.br\/es\/wp-json\/wp\/v2\/posts"}],"about":[{"href":"https:\/\/revistapesquisa.fapesp.br\/es\/wp-json\/wp\/v2\/types\/post"}],"author":[{"embeddable":true,"href":"https:\/\/revistapesquisa.fapesp.br\/es\/wp-json\/wp\/v2\/users\/6"}],"replies":[{"embeddable":true,"href":"https:\/\/revistapesquisa.fapesp.br\/es\/wp-json\/wp\/v2\/comments?post=96908"}],"version-history":[{"count":0,"href":"https:\/\/revistapesquisa.fapesp.br\/es\/wp-json\/wp\/v2\/posts\/96908\/revisions"}],"wp:attachment":[{"href":"https:\/\/revistapesquisa.fapesp.br\/es\/wp-json\/wp\/v2\/media?parent=96908"}],"wp:term":[{"taxonomy":"category","embeddable":true,"href":"https:\/\/revistapesquisa.fapesp.br\/es\/wp-json\/wp\/v2\/categories?post=96908"},{"taxonomy":"post_tag","embeddable":true,"href":"https:\/\/revistapesquisa.fapesp.br\/es\/wp-json\/wp\/v2\/tags?post=96908"},{"taxonomy":"author","embeddable":true,"href":"https:\/\/revistapesquisa.fapesp.br\/es\/wp-json\/wp\/v2\/coauthors?post=96908"}],"curies":[{"name":"wp","href":"https:\/\/api.w.org\/{rel}","templated":true}]}}