{"id":98474,"date":"2012-10-23T13:18:29","date_gmt":"2012-10-23T15:18:29","guid":{"rendered":"http:\/\/revistapesquisa.fapesp.br\/?p=98474"},"modified":"2013-01-23T13:20:14","modified_gmt":"2013-01-23T15:20:14","slug":"nuevo-parque-tecnol%c3%b3gico-en-bah%c3%ada","status":"publish","type":"post","link":"https:\/\/revistapesquisa.fapesp.br\/es\/nuevo-parque-tecnol%c3%b3gico-en-bah%c3%ada\/","title":{"rendered":"Nuevo parque tecnol\u00f3gico en Bah\u00eda"},"content":{"rendered":"<div id=\"attachment_25486\" style=\"max-width: 300px\" class=\"wp-caption alignright\"><img loading=\"lazy\" decoding=\"async\" class=\"size-full wp-image-25486 \" src=\"http:\/\/revistapesquisa.fapesp.br\/wp-content\/uploads\/2012\/10\/012_013_Estrategias_200-4.jpg\" alt=\"\" width=\"290\" height=\"193\" srcset=\"https:\/\/revistapesquisa.fapesp.br\/wp-content\/uploads\/2012\/10\/012_013_Estrategias_200-4.jpg 290w, https:\/\/revistapesquisa.fapesp.br\/wp-content\/uploads\/2012\/10\/012_013_Estrategias_200-4-120x80.jpg 120w, https:\/\/revistapesquisa.fapesp.br\/wp-content\/uploads\/2012\/10\/012_013_Estrategias_200-4-250x166.jpg 250w\" sizes=\"auto, (max-width: 290px) 100vw, 290px\" \/><span class=\"media-credits-inline\">CRIS CASTELLO BRANCO<\/span><p class=\"wp-caption-text\">El tecnocentro: con la ambici\u00f3n de cambiar el perfil agroexportador de la econom\u00eda de Bah\u00eda<span class=\"media-credits\">CRIS CASTELLO BRANCO<\/span><\/p><\/div>\n<p>La primera fase del Parque Tecnol\u00f3gico de Bah\u00eda, en Salvador se inaugur\u00f3 el d\u00eda 19 de septiembre. La iniciativa apunta a concentrar empresas e instituciones de investigaci\u00f3n e innovaci\u00f3n, convirtiendo al estado en un referente en el \u00e1rea tecnol\u00f3gica, en un intento por modificar el \u00e9nfasis agroexportador de la econom\u00eda bahiana. El edificio inaugurado, bautizado como Tecnocentro, cost\u00f3 53 millones de reales y alberga empresas tales como IBM, Portugal Telecom y Ericsson Inova\u00e7\u00e3o, adem\u00e1s de instalaciones de la Universidad Federal de Bah\u00eda (UFBA) y de la Universidad del Estado de Bah\u00eda (Uneb). La Universidad Estadual de Campinas (Unicamp) firm\u00f3 un convenio con la Secretar\u00eda de Ciencia, Tecnolog\u00eda e Innovaci\u00f3n para crear en el polo tecnol\u00f3gico una divisi\u00f3n de bioinform\u00e1tica, cuyos equipamientos est\u00e1n siendo adquiridos. \u201cLa intenci\u00f3n es establecer un grupo que funcione como n\u00facleo para brindar apoyo a iniciativas en el \u00e1rea de la biolog\u00eda molecular\u201d, dice Gon\u00e7alo Amarante Guimar\u00e3es, docente del Instituto de Biolog\u00eda e investigador del Laboratorio de Gen\u00f3mica y Expresi\u00f3n de la Unicamp, quien lidera la colaboraci\u00f3n. Guimar\u00e3es se gradu\u00f3 en la UFBA. El parque tecnol\u00f3gico ocupar\u00e1 una superficie de 581 mil metros cuadrados y est\u00e1 dividido en 83 lotes, de los cuales 22 son p\u00fablicos y 61 privados. Ya cobija 25 empresas, siendo 9 incubadas y 16 consolidadas. La segunda fase, que contempla la construcci\u00f3n de infraestructura de laboratorios, una escuela de iniciaci\u00f3n cient\u00edfica y un museo, tiene prevista su conclusi\u00f3n para diciembre de 2014, con inversiones por 59 millones de reales.<\/p>\n","protected":false},"excerpt":{"rendered":"Nuevo parque tecnol\u00f3gico en Bah\u00eda","protected":false},"author":6,"featured_media":0,"comment_status":"open","ping_status":"open","sticky":false,"template":"","format":"standard","meta":{"_acf_changed":false,"_exactmetrics_skip_tracking":false,"_exactmetrics_sitenote_active":false,"_exactmetrics_sitenote_note":"","_exactmetrics_sitenote_category":0,"footnotes":""},"categories":[184],"tags":[59],"coauthors":[93],"class_list":["post-98474","post","type-post","status-publish","format-standard","hentry","category-estrategias-es","tag-politicas-publicas"],"acf":[],"_links":{"self":[{"href":"https:\/\/revistapesquisa.fapesp.br\/es\/wp-json\/wp\/v2\/posts\/98474","targetHints":{"allow":["GET"]}}],"collection":[{"href":"https:\/\/revistapesquisa.fapesp.br\/es\/wp-json\/wp\/v2\/posts"}],"about":[{"href":"https:\/\/revistapesquisa.fapesp.br\/es\/wp-json\/wp\/v2\/types\/post"}],"author":[{"embeddable":true,"href":"https:\/\/revistapesquisa.fapesp.br\/es\/wp-json\/wp\/v2\/users\/6"}],"replies":[{"embeddable":true,"href":"https:\/\/revistapesquisa.fapesp.br\/es\/wp-json\/wp\/v2\/comments?post=98474"}],"version-history":[{"count":0,"href":"https:\/\/revistapesquisa.fapesp.br\/es\/wp-json\/wp\/v2\/posts\/98474\/revisions"}],"wp:attachment":[{"href":"https:\/\/revistapesquisa.fapesp.br\/es\/wp-json\/wp\/v2\/media?parent=98474"}],"wp:term":[{"taxonomy":"category","embeddable":true,"href":"https:\/\/revistapesquisa.fapesp.br\/es\/wp-json\/wp\/v2\/categories?post=98474"},{"taxonomy":"post_tag","embeddable":true,"href":"https:\/\/revistapesquisa.fapesp.br\/es\/wp-json\/wp\/v2\/tags?post=98474"},{"taxonomy":"author","embeddable":true,"href":"https:\/\/revistapesquisa.fapesp.br\/es\/wp-json\/wp\/v2\/coauthors?post=98474"}],"curies":[{"name":"wp","href":"https:\/\/api.w.org\/{rel}","templated":true}]}}