{"id":99488,"date":"2003-02-01T00:00:28","date_gmt":"2003-02-01T02:00:28","guid":{"rendered":"http:\/\/revistapesquisa.fapesp.br\/?p=99488"},"modified":"2013-01-23T20:46:20","modified_gmt":"2013-01-23T22:46:20","slug":"un-centro-tecnol%c3%b3gico-en-s%c3%a3o-carlos","status":"publish","type":"post","link":"https:\/\/revistapesquisa.fapesp.br\/es\/un-centro-tecnol%c3%b3gico-en-s%c3%a3o-carlos\/","title":{"rendered":"Un centro tecnol\u00f3gico en S\u00e3o Carlos"},"content":{"rendered":"<p>En la ciudad de S\u00e3o Carlos se est\u00e1 construyendo el Science Park, un parque tecnol\u00f3gico con capacidad para albergar a 56 empresas, condominios empresariales y escuela de negocios, adem\u00e1s de laboratorios de investigaci\u00f3n y desarrollo y \u00e1reas de capacitaci\u00f3n. Este emprendimiento estar\u00e1 emplazado en un predio de 164 mil metros cuadrados donado por la Municipalidad.<\/p>\n<p>El aporte financiero saldr\u00e1 de tres fuentes: la Financiadora de Estudios y Proyectos (Finep) destinar\u00e1 575 mil reales, la Secretar\u00eda de Ciencia y Tecnolog\u00eda del Estado de S\u00e3o Paulo, 650 mil, y el Servicio Brasile\u00f1o de Apoyo a la Micro y Peque\u00f1a Empresa, 108 mil reales.<\/p>\n","protected":false},"excerpt":{"rendered":"Un centro tecnol\u00f3gico en S\u00e3o Carlos","protected":false},"author":6,"featured_media":0,"comment_status":"closed","ping_status":"closed","sticky":false,"template":"","format":"standard","meta":{"_acf_changed":false,"_exactmetrics_skip_tracking":false,"_exactmetrics_sitenote_active":false,"_exactmetrics_sitenote_note":"","_exactmetrics_sitenote_category":0,"footnotes":""},"categories":[191],"tags":[],"coauthors":[93],"class_list":["post-99488","post","type-post","status-publish","format-standard","hentry","category-tecnociencia-es-es"],"acf":[],"_links":{"self":[{"href":"https:\/\/revistapesquisa.fapesp.br\/es\/wp-json\/wp\/v2\/posts\/99488","targetHints":{"allow":["GET"]}}],"collection":[{"href":"https:\/\/revistapesquisa.fapesp.br\/es\/wp-json\/wp\/v2\/posts"}],"about":[{"href":"https:\/\/revistapesquisa.fapesp.br\/es\/wp-json\/wp\/v2\/types\/post"}],"author":[{"embeddable":true,"href":"https:\/\/revistapesquisa.fapesp.br\/es\/wp-json\/wp\/v2\/users\/6"}],"replies":[{"embeddable":true,"href":"https:\/\/revistapesquisa.fapesp.br\/es\/wp-json\/wp\/v2\/comments?post=99488"}],"version-history":[{"count":0,"href":"https:\/\/revistapesquisa.fapesp.br\/es\/wp-json\/wp\/v2\/posts\/99488\/revisions"}],"wp:attachment":[{"href":"https:\/\/revistapesquisa.fapesp.br\/es\/wp-json\/wp\/v2\/media?parent=99488"}],"wp:term":[{"taxonomy":"category","embeddable":true,"href":"https:\/\/revistapesquisa.fapesp.br\/es\/wp-json\/wp\/v2\/categories?post=99488"},{"taxonomy":"post_tag","embeddable":true,"href":"https:\/\/revistapesquisa.fapesp.br\/es\/wp-json\/wp\/v2\/tags?post=99488"},{"taxonomy":"author","embeddable":true,"href":"https:\/\/revistapesquisa.fapesp.br\/es\/wp-json\/wp\/v2\/coauthors?post=99488"}],"curies":[{"name":"wp","href":"https:\/\/api.w.org\/{rel}","templated":true}]}}