{"id":204695,"date":"2015-12-02T15:00:19","date_gmt":"2015-12-02T17:00:19","guid":{"rendered":"http:\/\/revistapesquisa.fapesp.br\/?p=204695"},"modified":"2015-11-26T14:55:37","modified_gmt":"2015-11-26T16:55:37","slug":"architecture-pour-tous","status":"publish","type":"post","link":"https:\/\/revistapesquisa.fapesp.br\/fr\/architecture-pour-tous\/","title":{"rendered":"Architecture pour tous"},"content":{"rendered":"<div id=\"attachment_204697\" style=\"max-width: 300px\" class=\"wp-caption alignright\"><img loading=\"lazy\" decoding=\"async\" class=\"wp-image-204697\" src=\"http:\/\/revistapesquisa.fapesp.br\/wp-content\/uploads\/2015\/11\/Habitacao_Gavea-In\u00e0s-Bonduki2-300x200.jpg\" alt=\"Immeuble d\u2019habitation G\u00e1vea d\u2019Affonso Eduardo Reidy, \u00e9galement cr\u00e9ateur  de Pedregulho, deux ensembles de Rio de Janeiro du d\u00e9but des ann\u00e9es 1950 : projets sociaux historiquement et esth\u00e9tiquement importants\" width=\"290\" height=\"193\" \/><p class=\"wp-caption-text\"><span class=\"media-credits-inline\"> IN\u00caS BONDUKI<\/span>Immeuble d\u2019habitation G\u00e1vea d\u2019Affonso Eduardo Reidy, \u00e9galement cr\u00e9ateur de Pedregulho, deux ensembles de Rio de Janeiro du d\u00e9but des ann\u00e9es 1950 : projets sociaux historiquement et esth\u00e9tiquement importants<span class=\"media-credits\"> IN\u00caS BONDUKI<\/span><\/p><\/div>\n<p><em>Publi\u00e9 en novembre 2014<\/em><\/p>\n<p>M\u00eame si le Br\u00e9sil abrite des noms et des rep\u00e8res importants de l\u2019architecture du XX<sup>e<\/sup> si\u00e8cle, mondialement connus \u2013 Oscar Niemeyer et la ville de Bras\u00edlia en t\u00eate \u2013, il existe toute une production tourn\u00e9e vers le logement social encore peu connue et quelque peu en marge de l\u2019histoire officielle. Non pas que cette production soit peu visible ou quantitativement insignifiante. Elle est pr\u00e9sente dans nombre de villes br\u00e9siliennes et son histoire constitue un r\u00e9cit avec des ruptures mais aussi des traits forts de continuit\u00e9 jusqu\u2019aux politiques publiques actuelles. En outre, elle a cr\u00e9\u00e9 un r\u00e9pertoire pr\u00e9cieux d\u2019exp\u00e9riences techniques et formelles sur le plan de l\u2019architecture et de l\u2019urbanisme.<\/p>\n<p>R\u00e9pertorier et faire la lumi\u00e8re sur l\u2019histoire du logement social br\u00e9silien qui a compl\u00e9t\u00e9 100 ans en 2012 est \u00e0 l\u2019origine du livre <em>Os pioneiros da habita\u00e7\u00e3o social<\/em> [les pionniers du logement social], livre en trois volumes r\u00e9cemment publi\u00e9 par Nabil Bonduki, architecte, professeur de la Facult\u00e9 d\u2019architecture et d\u2019urbanisme de l\u2019Universit\u00e9 de S\u00e3o Paulo (FAU-USP) et d\u00e9put\u00e9 du parti politique PT \u00e0 S\u00e3o Paulo. La partie centrale de l\u2019ouvrage se trouve dans le volume 2, consacr\u00e9 \u00e0 la p\u00e9riode allant de 1930 \u00e0 1964\u00a0; autrement dit, du premier mandat du pr\u00e9sident Get\u00falio Vargas jusqu\u2019au coup d\u2019\u00e9tat militaire. D\u2019apr\u00e8s Bonduki, \u00ab\u00a0il y a eu l\u00e0 un cycle de logement social li\u00e9 aux d\u00e9buts de l\u2019urbanisme moderne\u00a0\u00bb.<\/p>\n<p>Si les 100 ans du logement social ont d\u00e9but\u00e9 avec un projet du gouvernement f\u00e9d\u00e9ral de 165 maisons \u00e0 Marechal Hermes (\u00c9tat de Rio de Janeiro), men\u00e9 \u00e0 terme malgr\u00e9 une forte opposition, l\u2019\u00e8re Vargas a cr\u00e9\u00e9 une nouvelle culture et une autre approche. Bonduki \u00e9crit\u00a0sur cette p\u00e9riode : \u00ab\u00a0l\u2019id\u00e9e de la fonction sociale du logement se met en place\u00a0; l\u2019\u00c9tat d\u00e9cide d\u2019affronter les questions urbaines. Et le modernisme est devenu le langage de ce nouveau temps\u00a0\u00bb.<\/p>\n<p><strong>Avanc\u00e9es et retours en arri\u00e8re<\/strong><br \/>\nGlobalement, <em>Os pioneiros da habita\u00e7\u00e3o social<\/em> \u00e9voque simultan\u00e9ment les fondements et les pratiques de la politique br\u00e9silienne du logement au cours d\u2019un si\u00e8cle ainsi que les avanc\u00e9es et les retours en arri\u00e8re architecturaux pendant la m\u00eame p\u00e9riode. Publi\u00e9 conjointement par les \u00e9ditrices Unesp et Sesc de S\u00e3o Paulo, l\u2019ouvrage compte 1208 pages agr\u00e9ment\u00e9es de photographies et graphiques. Le volume 1, <em>Cem anos de pol\u00edtica p\u00fabica no Brasil<\/em> [Cent ans de politique publique au Br\u00e9sil], pr\u00e9sente et commente l\u2019histoire du logement social dans le pays avant d\u2019aborder dans le d\u00e9tail la production des organismes de s\u00e9curit\u00e9 sociale responsables de ce type d\u2019habitation sous l\u2019\u00e8re Vargas. Le volume 2, <em>Invent\u00e1rio da produ\u00e7\u00e3o p\u00fablica no Brasil entre 1930 e 1964<\/em> [Inventaire de la production publique au Br\u00e9sil entre 1930 et 1964] a \u00e9t\u00e9 co\u00e9crit avec l\u2019architecte et urbaniste Ana Paula Koury. Les auteurs proposent un relev\u00e9 document\u00e9 des 322 projets (dans 24 \u00c9tats f\u00e9d\u00e9r\u00e9s) de la p\u00e9riode, avec y compris de nouveaux dessins de chacun \u00e0 des \u00e9chelles comparatives. Le volume 3, <em>Onze propostas de morar para o Brasil moderno<\/em> [Onze propositions d\u2019habitation pour le Br\u00e9sil moderne], \u00e9tudie en profondeur 11 de ces projets avec des mod\u00e8les tridimensionnels des dessins originaux et des photographies du photographe Bob Wolfenson.<\/p>\n<div id=\"attachment_204699\" style=\"max-width: 300px\" class=\"wp-caption alignleft\"><img loading=\"lazy\" decoding=\"async\" class=\"wp-image-204699\" src=\"http:\/\/revistapesquisa.fapesp.br\/wp-content\/uploads\/2015\/11\/Habitacao_Paqueta-Bob-Wonfenson2-300x225.jpg\" alt=\"Immeuble collectif de Paquet\u00e1 \u00e0 Rio de Janeiro, 1952, et immeuble du d\u00e9but de la construction de Bras\u00edlia: tentatives dans le pass\u00e9 d\u2019harmonisation des constructions avec le milieu\" width=\"290\" height=\"217\" \/><p class=\"wp-caption-text\"><span class=\"media-credits-inline\">BOB WOLFENSON \/ LES PIONNIERS DU LOGEMENT SOCIAL\u2002<\/span>Immeuble collectif de Paquet\u00e1 \u00e0 Rio de Janeiro, 1952, et immeuble du d\u00e9but de la construction de Bras\u00edlia: tentatives dans le pass\u00e9 d\u2019harmonisation des constructions avec le milieu<span class=\"media-credits\">BOB WOLFENSON \/ LES PIONNIERS DU LOGEMENT SOCIAL\u2002<\/span><\/p><\/div>\n<p>La base de ce travail se trouve dans les recherches de master et de doctorat de Bonduki, pr\u00e9sent\u00e9es dans les ann\u00e9es 1990 \u00e0 la Facult\u00e9 d\u2019Architecture et d\u2019Urbanisme de l\u2019USP, soutenues par la FAPESP et d\u00e9crites dans le livre <em>As origens da habita\u00e7\u00e3o social no Brasil<\/em> [Les origines du logement social au Br\u00e9sil] (\u00e9d. Esta\u00e7\u00e3o Liberdade, 1994, qui en est aujourd\u2019hui \u00e0 sa 6e \u00e9dition). L\u2019auteur y parle de la transformation des villes br\u00e9siliennes sous l\u2019\u00e8re Vargas, marqu\u00e9e par une production architecturale importante jusque l\u00e0 tr\u00e8s peu \u00e9tudi\u00e9e. D\u2019o\u00f9 le d\u00e9sir d\u2019\u00e9largir l\u2019historiographie sur le sujet pour \u00ab\u00a0penser l\u2019architecture moderne br\u00e9silienne, surtout celle des ann\u00e9es 1940 et 1950 du XXe si\u00e8cle, et sa relation avec le logement social\u00a0\u00bb.<\/p>\n<p>Le travail de recherche s\u2019est \u00e9tendu sur 17 ann\u00e9es (1997-2013) dans les locaux de l\u2019USP, d\u2019abord \u00e0 l\u2019\u00c9cole d\u2019Ing\u00e9nierie de S\u00e3o Carlos puis \u00e0 la FAU. Il a compt\u00e9 sur la participation d\u2019une quarantaine de chercheurs, beaucoup d\u2019entre eux ayant poursuivi avec des recherches personnelles sur des th\u00e8mes apparus pendant le processus. L\u2019\u00e9tape cl\u00e9 de la recherche a \u00e9t\u00e9 le relev\u00e9 complet sur le terrain de la production du logement social entre 1930 et 1964 \u2013 le deuxi\u00e8me des 3 volumes du livre, qui fut d\u2019ailleurs le premier \u00e0 \u00eatre pr\u00eat. Les deux grandes \u00e9tapes de la recherche ont re\u00e7u le soutien de la FAPESP et la deuxi\u00e8me, d\u00e9velopp\u00e9e apr\u00e8s le relev\u00e9, a \u00e9t\u00e9 s\u00e9lectionn\u00e9 dans un appel d\u2019offres public de l\u2019entreprise Petrobras dans la cat\u00e9gorie \u2018patrimoine et documentation\u2019.<\/p>\n<p>L\u2019activit\u00e9 de recherche s\u2019est faite autour de l\u2019\u00e9quipe du professeur Carlos Ferreira Martins, directeur de l\u2019Institut d\u2019Architecture et d\u2019Urbanisme de l\u2019USP \u00e0 S\u00e3o Carlos (et auteur du volet int\u00e9rieur du volume 2), qui reprochait \u00e0 l\u2019approche historique traditionnelle de l\u2019architecture moderniste br\u00e9silienne de ne pas tenir compte de certains noms et th\u00e8mes. Pour Martins comme pour Bonduki, il y a dans la trajectoire de l\u2019architecture \u00ab\u00a0plus traditionnelle\u00a0\u00bb, tourn\u00e9e vers le logement collectif, une contribution aussi importante que celle des architectes c\u00e9l\u00e8bres tels que Niemeyer, L\u00facio Costa, Rino Levi et Lina Bo Bardi.<\/p>\n<div id=\"attachment_204700\" style=\"max-width: 300px\" class=\"wp-caption alignright\"><img loading=\"lazy\" decoding=\"async\" class=\"wp-image-204700\" src=\"http:\/\/revistapesquisa.fapesp.br\/wp-content\/uploads\/2015\/11\/Habitacao_zona-leste-In\u00e0s-Bonduki2-300x200.jpg\" alt=\"Concentration d\u2019immeubles collectifs dans la zone Est de S\u00e3o Paulo...\" width=\"290\" height=\"193\" \/><p class=\"wp-caption-text\"><span class=\"media-credits-inline\">IN\u00caS BONDUKI \/ LES PIONNIERS DU LOGEMENT SOCIAL<\/span>Concentration d\u2019immeubles collectifs dans la zone Est de S\u00e3o Paulo&#8230;<span class=\"media-credits\">IN\u00caS BONDUKI \/ LES PIONNIERS DU LOGEMENT SOCIAL<\/span><\/p><\/div>\n<p>M\u00eame un architecte comme Affonso Eduardo Reidy, g\u00e9n\u00e9ralement inclus dans ce groupe <em>select<\/em>, est peu connu pour son activit\u00e9 dans le logement social. Et pourtant, il est l\u2019auteur de projets d\u2019une grande importance historique et esth\u00e9tique, \u00e0 l\u2019exemple des barres d\u2019immeubles serpentueuses de G\u00e1vea et Pedregulho \u00e0 Rio de Janeiro, toutes deux inaugur\u00e9es au d\u00e9but des ann\u00e9es 1950. Reidy \u00e9tait mari\u00e9 avec Carmen Portinho, th\u00e9oricienne, ing\u00e9nieur et autre nom associ\u00e9 \u00e0 l\u2019histoire du logement social br\u00e9silien. Portinho a \u00e9t\u00e9 directrice du D\u00e9partement du logement social reli\u00e9 \u00e0 la mairie du District F\u00e9d\u00e9ral (Rio de Janeiro), un des rares organismes \u00e0 avoir r\u00e9alis\u00e9 une production importante pendant la p\u00e9riode de l\u2019\u00c9tat Nouveau\u00a0; et pendant le deuxi\u00e8me mandat de Vargas (1952-1954), elle a \u00e9t\u00e9 membre du Conseil Central de la Fondation du Logement Social.<\/p>\n<p><strong>Oubli\u00e9 de l&#8217;historiographie<\/strong><br \/>\nDe l\u2019avis de Bonduki, un des architectes \u00ab\u00a0oubli\u00e9s par l\u2019historiographie dominante\u00a0\u00bb est Carlos Frederico Ferreira, qui a consacr\u00e9 toute sa vie professionnelle \u00e0 l\u2019Institut des Retraites et Pensions des Ouvriers de l\u2019Industrie (Iapi), l\u2019organisme public qui s\u2019est le plus distingu\u00e9 dans la production d\u2019habitats de la p\u00e9riode Vargas. Ferreira en a \u00e9t\u00e9 le chef du Secteur Architecture et Dessin puis du D\u00e9partement d\u2019Ing\u00e9nierie. Bonduki raconte\u00a0: \u00ab\u00a0J\u2019ai r\u00e9ussi \u00e0 parler avec lui en 1994, six mois avant sa mort. Personne ne savait o\u00f9 il \u00e9tait jusqu\u2019\u00e0 ce que je le retrouve \u00e0 Nova Friburgo, dans l\u2019\u00c9tat de Rio de Janeiro\u00a0\u00bb.<\/p>\n<p>Lors de cette conversation, Ferreira a indiqu\u00e9 que la pr\u00e9occupation principale du Iapi \u00e9tait de \u00ab\u00a0mettre les immeubles d\u2019habitation \u00e0 la port\u00e9e de la grande majorit\u00e9 des associ\u00e9s de revenu modeste, c\u2019est-\u00e0-dire en \u00e9tablissant un prix minimum sans pour autant sacrifier les conditions indispensables d\u2019hygi\u00e8ne et de confort\u00a0\u00bb. Cette pr\u00e9occupation \u00e9tait conforme aux principes \u00e9tablis par le Suisse Le Corbusier en 1933 \u00e0 l\u2019occasion du Congr\u00e8s International d\u2019Architecture Moderne. L\u2019un de ces principes, selon Bonduki, est le suivant\u00a0: l\u2019id\u00e9e que l\u2019habitation n\u2019est pas \u00ab\u00a0seulement un logement\u00a0\u00bb mais aussi un espace public comme des places et des \u00e9coles. N\u00e9anmoins, ce concept rencontrait de grandes difficult\u00e9s au Br\u00e9sil, \u00e0 commencer par l\u2019industrie du b\u00e2timent\u00a0: \u00ab\u00a0Les questions \u00e0 r\u00e9soudre \u00e9taient basiques, comme le manque de normes pour la production d\u2019un simple moellon, dont la diversit\u00e9 de tailles, selon l\u2019origine, rendait difficile la r\u00e9alisation d\u2019\u0153uvres de grande taille\u00a0\u00bb.<\/p>\n<p>Un autre nom important de cette \u00e9poque est celui de l\u2019architecte Rubens Porto, assesseur du Conseil National du Travail qui a \u00e9tabli les directives g\u00e9n\u00e9rales pour les organismes de s\u00e9curit\u00e9 sociale et les recommandations pour la construction des immeubles d\u2019habitation. En 1938, Porto a r\u00e9uni dans un livre une s\u00e9rie de solutions pour ces b\u00e2timents, parmi lesquelles la rationalisation des processus, la suppression de toute d\u00e9coration superflue, la livraison de la maison meubl\u00e9e et une typologie de blocs multifamiliaux de quatre \u00e9tages, avec des pilotis et des duplex. Dans la pratique et m\u00eame sans n\u00e9cessairement suivre ces pr\u00e9ceptes, une grande partie de la production des organismes montrait des signes clairs d\u2019insertion urbaine et d\u2019utilisation rationnelle et industrielle des mat\u00e9riaux.<\/p>\n<p>Bonduki pense qu\u2019\u00ab\u00a0il est difficile de souligner l\u2019existence d\u2019une politique de l\u2019habitat pendant cette p\u00e9riode, mais qu\u2019il y a eu des actions simultan\u00e9es qui ont co\u00efncid\u00e9 et se sont regroup\u00e9es. [&#8230;] Le sc\u00e9nario \u00e9tait dispers\u00e9, compos\u00e9 de plusieurs organismes et instituts ayant chacun leurs caract\u00e9ristiques et un personnel qui tentait de rester actualis\u00e9 et de garantir les co\u00fbts les plus bas\u00a0\u00bb. Une \u00ab\u00a0technobureaucratie comp\u00e9tente\u00a0\u00bb s\u2019est form\u00e9e, avec des services ing\u00e9nierie capables de formuler des solutions pour les d\u00e9fis de cr\u00e9ation de logements sociaux \u00e0 bas prix mais de qualit\u00e9. \u00c0 une \u00e9poque o\u00f9 il n\u2019y avait pas les entreprises du b\u00e2timent qu\u2019il y a aujourd\u2019hui et o\u00f9 les \u00e9coles d\u2019architecture \u00e9taient encore une nouveaut\u00e9, ces services fonctionnaient comme de \u00ab\u00a0grands cabinets d\u2019architecture\u00a0\u00bb et comme des \u00ab\u00a0laboratoires pratiques\u00a0\u00bb (Bonduki).<\/p>\n<div id=\"attachment_204698\" style=\"max-width: 310px\" class=\"wp-caption alignleft\"><img loading=\"lazy\" decoding=\"async\" class=\"size-medium wp-image-204698\" src=\"http:\/\/revistapesquisa.fapesp.br\/wp-content\/uploads\/2015\/11\/Habitacao_Igua\u00e1u-Ministerio-das-Cidades-Caixa-Economica-Federal2-300x200.jpg\" alt=\"... ) et Parque do Igua\u00e7u \u00e0 Curitiba : faible qualit\u00e9 urbanistique et architecturale\" width=\"300\" height=\"200\" \/><p class=\"wp-caption-text\"><span class=\"media-credits-inline\">MINIST\u00c8RE DES VILLES \/ CEF<\/span>&#8230;et Parque do Igua\u00e7u \u00e0 Curitiba : faible qualit\u00e9 urbanistique et architecturale<span class=\"media-credits\">MINIST\u00c8RE DES VILLES \/ CEF<\/span><\/p><\/div>\n<p><strong>Population \u00e0 faible revenu<\/strong><br \/>\nD\u2019apr\u00e8s l\u2019\u00e9tude de Bonduki, les grandes avanc\u00e9es de l\u2019architecture et de l\u2019urbanisme ainsi que la cr\u00e9ation d\u2019un h\u00e9ritage inspirateur n\u2019ont cependant pas \u00e9t\u00e9 synonymes d\u2019un meilleur acc\u00e8s au logement de la population \u00e0 faible revenu. Dans le contexte de la transition d\u2019une soci\u00e9t\u00e9 essentiellement agraire-exportatrice \u00e0 une \u00e8re urbano-industrielle et capitaliste, o\u00f9 le gouvernement mettait l\u2019accent sur la fonction de protection du travailleur, les initiatives priv\u00e9es en mati\u00e8re de logement n\u2019ont pas \u00e9t\u00e9 encourag\u00e9es par la Loi sur les loyers de 1942, qui a gel\u00e9 le prix des loyers. Au d\u00e9part, l\u2019effet a \u00e9t\u00e9 positif pour la population parce que les d\u00e9penses de logement avaient consid\u00e9rablement diminu\u00e9 pour les ouvriers.<\/p>\n<p>Mais cette situation associ\u00e9e au mouvement intense d\u2019urbanisation du pays (8 millions d\u2019habitants dans les villes en 1930 et 32 millions en 1960) a fini par provoquer un d\u00e9ficit de logements, une surpopulation dans les banlieues, une carence de services publics et une vague d\u2019expulsions. En somme, une crise grave de l\u2019habitat. \u00c0 la fin de la p\u00e9riode, les organismes sociaux \u00e9taient tr\u00e8s loin de combler les besoins de logement de la population avec seulement 175 000 unit\u00e9s construites. \u00ab\u00a0Pour la population \u00e0 faible revenu, l\u2019issue, a \u00e9t\u00e9 l\u2019autoconstruction dans les banlieues \u2013 cr\u00e9ant ainsi le mod\u00e8le des grandes villes que l\u2019on conna\u00eet aujourd\u2019hui\u00a0\u00bb, \u00e9crit Bonduki.<\/p>\n<p>\u00c0 contre-courant de l\u2019id\u00e9e selon laquelle Bras\u00edlia, inaugur\u00e9e en 1960, a \u00e9t\u00e9 un projet r\u00e9volutionnaire, Bonduki y voit plut\u00f4t l\u00e0 la \u00ab\u00a0ligne d\u2019arriv\u00e9e\u00a0\u00bb des exp\u00e9riences survenues entre 1930 et 1950, avec ses ensembles organis\u00e9s d\u2019immeubles r\u00e9sidentiels similaires aux ensembles projet\u00e9s dans les ann\u00e9es 1940. Sans compter le r\u00f4le important des organismes de s\u00e9curit\u00e9 sociale dans l\u2019\u00e9dification des zones r\u00e9sidentielles.<\/p>\n<p><strong>Nouveaux programmes<\/strong><br \/>\nDu point de vue politique, l\u2019inauguration de la nouvelle capitale a lieu au moment o\u00f9 la vitalit\u00e9 atteinte par l\u2019\u00c9tat Nouveau pour l\u2019activit\u00e9 architecturale et urbaniste est en plein recul. D\u2019autre part, c\u2019est \u00e0 la fin de la p\u00e9riode qu\u2019a \u00e9t\u00e9 propos\u00e9e l\u2019unification des instituts de s\u00e9curit\u00e9 sociale en un seul organisme et le transfert d\u2019une partie de leurs fonds \u00e0 une institution charg\u00e9e sp\u00e9cifiquement de la prise en charge universelle des questions de logement de la population, la Fondation du Logement Social (FCP, <em>Funda\u00e7\u00e3o da Casa<\/em> <em>Popular<\/em>). Les directions des instituts et d\u2019autres secteurs de la soci\u00e9t\u00e9 se sont oppos\u00e9s \u00e0 ce changement qui allait leur supprimer des ressources et des privil\u00e8ges. Finalement, la FCP est d\u00e9j\u00e0 n\u00e9e \u00ab\u00a0vid\u00e9e\u00a0\u00bb et son \u00e9chec, selon Bonduki, \u00ab\u00a0a retard\u00e9 de 20 ans la formulation d\u2019une politique consistante\u00a0 de l\u2019habitat \u00bb.<\/p>\n<p>La reprise s\u2019est faite au d\u00e9but du r\u00e9gime militaire de 1964, quand les fonds de retraite ont \u00e9t\u00e9 abolis avec la cr\u00e9ation de l\u2019Institut National de Pr\u00e9voyance Sociale (INPS, aujourd\u2019hui remplac\u00e9 par l\u2019Institut National de S\u00e9curit\u00e9 Sociale, INSS) et de la Banque Nationale de l\u2019Habitat (BNH), tourn\u00e9 vers la production et le financement de logements. Cette banque qui travaillait directement avec d\u2019autres banques et non pas avec le public a fonctionn\u00e9 jusqu\u2019en 1986 avant d\u2019\u00eatre incorpor\u00e9e par la banque Caixa Econ\u00f4mica Federal. Cependant, l\u2019inaction de la FCP et le d\u00e9mant\u00e8lement de structures apr\u00e8s le coup d\u2019\u00c9tat de 1964 ont retir\u00e9 du devant de la sc\u00e8ne les forces politiques qui agissaient pour une politique de logement social cons\u00e9quente et qui r\u00e9ponde vraiment aux besoins de la population. Les logements \u00e9taient d\u00e9sormais vendus au futur habitant\u00a0; mais la r\u00e9ussite de la production massive (4,2 millions d\u2019habitats) a laiss\u00e9 de c\u00f4t\u00e9 la qualit\u00e9 des projets. Lorsque la BNH s\u2019est arr\u00eat\u00e9e de fonctionner \u2013 pendant la p\u00e9riode de red\u00e9mocratisation \u2013, le sigle \u00e9tait devenu le synonyme d\u2019immeubles laids et mal faits.<\/p>\n<p>\u00c0 partir des ann\u00e9es 1990, d\u2019importantes exp\u00e9riences dans le contexte municipal ont pr\u00e9c\u00e9d\u00e9 une s\u00e9rie d\u2019avanc\u00e9es dans la construction de politiques urbaines et d\u2019habitat, la plupart sur initiative populaire. Ce fut la p\u00e9riode d\u2019institution du Statut de la Ville, du Minist\u00e8re des Villes et du Fonds National de l\u2019Habitat. Cette base a form\u00e9 un cadre favorable, renforc\u00e9 par de bonnes conditions d\u00e9mographiques \u2013 comme la fin du cycle de migration champ-ville et la diminution du rythme de croissance de la population.<\/p>\n<p>Toutefois, des questions politiques ont conduit en 2009 \u00e0 la cr\u00e9ation du programme f\u00e9d\u00e9ral <em>Minha Casa, Minha Vida<\/em> [Ma Maison, Ma vie], face auquel Bonduki \u00e9met plusieurs r\u00e9serves. Il \u00e9voque l\u2019existence d\u2019un \u00ab\u00a0syst\u00e8me de financement et d\u2019aides aux sources personnelles, tr\u00e8s robuste et sain\u00a0\u00bb. Mais il affirme aussi que l\u2019on a \u00ab\u00a0cherch\u00e9 \u00e0 associer la cr\u00e9ation d\u2019emplois et la croissance \u00e9conomique avec l\u2019agenda de l\u2019habitat sans agir sur les questions fonci\u00e8re et urbaine, ce qui a donn\u00e9 lieu \u00e0 des r\u00e9sultats contradictoires\u00a0\u00bb. L\u2019auteur pr\u00e9voit comme r\u00e9sultat une aggravation des probl\u00e8mes de mobilit\u00e9, de s\u00e9curit\u00e9 et d\u2019environnement. Pour lui, il est urgent de remplacer l\u2019aspect quantitatif par le qualitatif, comme l\u2019ont fait les \u00ab\u00a0pionniers\u00a0\u00bb \u2013 et pour cela, il faut aujourd\u2019hui que les pouvoirs publics traitent s\u00e9rieusement du probl\u00e8me foncier\u00a0\u00bb.<\/p>\n<p><strong>Projet<\/strong><br \/>\nLes pionniers du logement social au Br\u00e9sil (<a href=\"http:\/\/www.bv.fapesp.br\/pt\/auxilios\/47527\/os-pioneiros-da-habitacao-social-no-brasil\/\" target=\"_blank\">n\u00b0 2012\/50030-0<\/a>) ; <strong>Modalit\u00e9<\/strong> Aide \u00e0 la publication ; <strong>Chercheur responsa-ble<\/strong> Nabil Bonduki (FAU-USP) ; <strong>Investissement<\/strong> 40 000, 00 <em>reais<\/em> (FAPESP).<\/p>\n","protected":false},"excerpt":{"rendered":"L\u2019\u00e9tude des 100 ans du logement social au Br\u00e9sil d\u00e9voile des projets d\u2019une grande qualit\u00e9 sous l\u2019\u00e8re Vargas","protected":false},"author":38,"featured_media":0,"comment_status":"open","ping_status":"open","sticky":false,"template":"","format":"standard","meta":{"_acf_changed":false,"_exactmetrics_skip_tracking":false,"_exactmetrics_sitenote_active":false,"_exactmetrics_sitenote_note":"","_exactmetrics_sitenote_category":0,"footnotes":""},"categories":[1188],"tags":[],"coauthors":[137],"class_list":["post-204695","post","type-post","status-publish","format-standard","hentry","category-humanites"],"acf":[],"_links":{"self":[{"href":"https:\/\/revistapesquisa.fapesp.br\/fr\/wp-json\/wp\/v2\/posts\/204695","targetHints":{"allow":["GET"]}}],"collection":[{"href":"https:\/\/revistapesquisa.fapesp.br\/fr\/wp-json\/wp\/v2\/posts"}],"about":[{"href":"https:\/\/revistapesquisa.fapesp.br\/fr\/wp-json\/wp\/v2\/types\/post"}],"author":[{"embeddable":true,"href":"https:\/\/revistapesquisa.fapesp.br\/fr\/wp-json\/wp\/v2\/users\/38"}],"replies":[{"embeddable":true,"href":"https:\/\/revistapesquisa.fapesp.br\/fr\/wp-json\/wp\/v2\/comments?post=204695"}],"version-history":[{"count":0,"href":"https:\/\/revistapesquisa.fapesp.br\/fr\/wp-json\/wp\/v2\/posts\/204695\/revisions"}],"wp:attachment":[{"href":"https:\/\/revistapesquisa.fapesp.br\/fr\/wp-json\/wp\/v2\/media?parent=204695"}],"wp:term":[{"taxonomy":"category","embeddable":true,"href":"https:\/\/revistapesquisa.fapesp.br\/fr\/wp-json\/wp\/v2\/categories?post=204695"},{"taxonomy":"post_tag","embeddable":true,"href":"https:\/\/revistapesquisa.fapesp.br\/fr\/wp-json\/wp\/v2\/tags?post=204695"},{"taxonomy":"author","embeddable":true,"href":"https:\/\/revistapesquisa.fapesp.br\/fr\/wp-json\/wp\/v2\/coauthors?post=204695"}],"curies":[{"name":"wp","href":"https:\/\/api.w.org\/{rel}","templated":true}]}}